{"id":24548,"date":"2017-11-07T15:33:09","date_gmt":"2017-11-07T15:33:09","guid":{"rendered":"http:\/\/www.constantinianorder.net\/monaco-cerimonia-di-investitura-di-s-a-s-il-principe-albert-ii-principe-sovrano-di-monaco-2\/"},"modified":"2026-01-15T18:04:53","modified_gmt":"2026-01-15T18:04:53","slug":"monaco-cerimonia-di-investitura-di-s-a-s-il-principe-albert-ii-principe-sovrano-di-monaco","status":"publish","type":"post","link":"https:\/\/svil.constantinianorder.com\/en\/monaco-cerimonia-di-investitura-di-s-a-s-il-principe-albert-ii-principe-sovrano-di-monaco\/","title":{"rendered":"MONACO &#8211; CERIMONIA DI INVESTITURA DI S.A.S. IL PRINCIPE ALBERT II, PRINCIPE SOVRANO DI MONACO"},"content":{"rendered":"<figure id=\"attachment_24357\" aria-describedby=\"caption-attachment-24357\" style=\"width: 300px\" class=\"wp-caption alignleft\"><img loading=\"lazy\" decoding=\"async\" class=\"size-medium wp-image-24357\" src=\"http:\/\/constantinianorder.net\/wp-content\/uploads\/2017\/12\/consegna-300x200.jpg\" alt=\"S.A.S. le Prince Albert II, Prince Souverain de Monaco re\u00e7oit de main de S.A.R. le Prince Charles de Bourbon des Deux Siciles, Duc de Castro le collier de l\u2019Ordre Sacr\u00e9 et Militaire Constantinien de Saint Georges\" width=\"300\" height=\"200\" \/><figcaption id=\"caption-attachment-24357\" class=\"wp-caption-text\">S.A.S. il Principe Alberto II, Principe Sovrano di Monaco riceve da S.A.R. il Principe Carlo di Borbone delle Due Sicilie, Duca di Castro il collare dell\u2019Ordine Costantiniano<\/figcaption><\/figure>\n<p>Montecarlo, Palais Princier. Luned\u00ec 6 novembre 2017 si \u00e8 svolto un incontro ufficiale tra Sua Altezza Reale il Principe Carlo di Borbone delle Due Sicilie, Duca di Castro e Capo della Real Casa di Borbone delle Due Sicilie, e S.A.S il Principe Albert II, Principe Sovrano di Monaco, nel quale il Principe Albert II di Monaco ha ricevuto il Collare del Sacro Militare Ordine Costantiniano di San Giorgio e le insegne dell\u2019Insigne Real Ordine di San Gennaro.<!--more--><\/p>\n<p>Erano presenti all\u2019importante evento S.E. Don Francesco Ruspoli, Principe di Cerveteri, Gran Cancelliere dell&#8217;Ordine Costantiniano; il Dott. Inigo Lopez de la Osa Escribano, Delegato e Presidente dell\u2019Associazione monegasca dell&#8217;Ordine per il Principato di Monaco; il Consigliere di Stato Camille Pascal, Delegato per la Francia; S.E. M. Jacques Boisson, Segretario di Stato di S.A.S il Principe Sovrano di Monaco; M. Georges Lisimachio, Capo di Gabinetto di S.A.S. il Principe Sovrano di Monaco.<\/p>\n<figure id=\"attachment_24359\" aria-describedby=\"caption-attachment-24359\" style=\"width: 300px\" class=\"wp-caption alignleft\"><img loading=\"lazy\" decoding=\"async\" class=\"size-medium wp-image-24359\" src=\"http:\/\/constantinianorder.net\/wp-content\/uploads\/2017\/12\/san-gennaro-300x200.jpg\" alt=\"S.A.S. le Prince Albert II, Prince Souverain de Monaco re\u00e7oit de main de S.A.R. le Prince Charles de Bourbon des Deux Siciles, Duc de Castro la d\u00e9coration de l\u2019 Illustre Ordre Royal de Saint-Janvier\" width=\"300\" height=\"200\" \/><figcaption id=\"caption-attachment-24359\" class=\"wp-caption-text\">S.A.S. il Principe Alberto II, Principe Sovrano di Monaco riceve da S.A.R. il Principe Carlo di Borbone delle Due Sicilie, Duca di Castro le insgne del Real Ordine di San Gennaro<\/figcaption><\/figure>\n<figure id=\"attachment_24358\" aria-describedby=\"caption-attachment-24358\" style=\"width: 300px\" class=\"wp-caption alignleft\"><img loading=\"lazy\" decoding=\"async\" class=\"size-medium wp-image-24358\" src=\"http:\/\/constantinianorder.net\/wp-content\/uploads\/2017\/12\/gruppo-300x200.jpg\" alt=\"A partir de gauche: Monsieur Georges Lisimachio, Chef de Cabinet de S.A.S. le Prince Albert II de Monaco Monsieur Inigo Lopez de la Osa Escribano, Pr\u00e9sident de l\u2019Association mon\u00e9gasque de l\u2019Ordre Constantinien, S.A.R. le Duc de Castro S.A.S. le Prince Albert II, Prince Souverain de Monaco, S.E. Don Francesco Ruspoli, Principe di Cerveteri, Grand Chancelier de l\u2019Ordre Constantinien, Monsieur Camille Pascal, D\u00e9l\u00e9gu\u00e9 et Pr\u00e9sident de l\u2019Association fran\u00e7aise de l\u2019Ordre Constantinien en France, S.E. Monsieur Jacques Boisson, Secr\u00e9taire d'\u00c9tat de S.A.S. le Prince Albert II de Monaco\" width=\"300\" height=\"200\" \/><figcaption id=\"caption-attachment-24358\" class=\"wp-caption-text\">A partire da sinistra: M. Georges Lisimachio, Capo di Gabinetto di S.A.S. il Principe Alberto II di Monaco, M. Inigo Lopez de la Osa Escribano, Presidente dell\u2019Associazione monegasca dell&#8217;Ordine, S.A.R. il Duca di Castro, S.A.S. il Principe Albert II, Principe Sovrano di Monaco, S.E. Don Francesco Ruspoli, Principe di Cerveteri, Gran Cancelliere dell\u2019Ordine, M. Camille Pascal, Delegato e Presidente dell\u2019Associazione francese dell\u2019Ordine, S.E. M. Jacques Boisson, Segretario di Stato di S.A.S. il Princip Albert II di Monaco<\/figcaption><\/figure>\n","protected":false},"excerpt":{"rendered":"<p>Montecarlo, Palais Princier. Luned\u00ec 6 novembre 2017 si \u00e8 svolto un incontro ufficiale tra Sua Altezza Reale il Principe Carlo di Borbone delle Due Sicilie, Duca di Castro e Capo della Real Casa di Borbone delle Due Sicilie, e S.A.S il Principe Albert II, Principe Sovrano di Monaco, nel quale il Principe Albert II di [&hellip;]<\/p>\n","protected":false},"author":1,"featured_media":0,"comment_status":"closed","ping_status":"open","sticky":false,"template":"","format":"standard","meta":{"footnotes":""},"categories":[243],"tags":[],"class_list":["post-24548","post","type-post","status-publish","format-standard","hentry","category-delegation-of-monaco"],"_links":{"self":[{"href":"https:\/\/svil.constantinianorder.com\/en\/wp-json\/wp\/v2\/posts\/24548","targetHints":{"allow":["GET"]}}],"collection":[{"href":"https:\/\/svil.constantinianorder.com\/en\/wp-json\/wp\/v2\/posts"}],"about":[{"href":"https:\/\/svil.constantinianorder.com\/en\/wp-json\/wp\/v2\/types\/post"}],"author":[{"embeddable":true,"href":"https:\/\/svil.constantinianorder.com\/en\/wp-json\/wp\/v2\/users\/1"}],"replies":[{"embeddable":true,"href":"https:\/\/svil.constantinianorder.com\/en\/wp-json\/wp\/v2\/comments?post=24548"}],"version-history":[{"count":2,"href":"https:\/\/svil.constantinianorder.com\/en\/wp-json\/wp\/v2\/posts\/24548\/revisions"}],"predecessor-version":[{"id":59338,"href":"https:\/\/svil.constantinianorder.com\/en\/wp-json\/wp\/v2\/posts\/24548\/revisions\/59338"}],"wp:attachment":[{"href":"https:\/\/svil.constantinianorder.com\/en\/wp-json\/wp\/v2\/media?parent=24548"}],"wp:term":[{"taxonomy":"category","embeddable":true,"href":"https:\/\/svil.constantinianorder.com\/en\/wp-json\/wp\/v2\/categories?post=24548"},{"taxonomy":"post_tag","embeddable":true,"href":"https:\/\/svil.constantinianorder.com\/en\/wp-json\/wp\/v2\/tags?post=24548"}],"curies":[{"name":"wp","href":"https:\/\/api.w.org\/{rel}","templated":true}]}}