{"id":17723,"date":"2015-01-11T12:41:56","date_gmt":"2015-01-11T12:41:56","guid":{"rendered":"http:\/\/www.constantinianorder.net\/?p=17723"},"modified":"2026-02-04T11:33:14","modified_gmt":"2026-02-04T11:33:14","slug":"comunicado-de-prensa-3-diciembre-2014-delegacion-sicilia","status":"publish","type":"post","link":"https:\/\/svil.constantinianorder.com\/es\/comunicado-de-prensa-3-diciembre-2014-delegacion-sicilia\/","title":{"rendered":"Comunicado de prensa &#8211; 3 diciembre 2014 \u2013 Delegaci\u00f3n Sicilia"},"content":{"rendered":"<p><strong><em><a href=\"http:\/\/www.constantinianorder.net\/wp-content\/uploads\/2013\/02\/CO-Cross-150x150.png\"><img loading=\"lazy\" decoding=\"async\" class=\"alignleft wp-image-15870 size-full\" src=\"http:\/\/www.constantinianorder.net\/wp-content\/uploads\/2013\/02\/CO-Cross-150x150.png\" alt=\"CO-Cross-150x150\" width=\"150\" height=\"150\" \/><\/a>Sicilia &#8211; El mi\u00e9rcoles 3 de diciembre, <\/em><\/strong>con motivo de la Festividad de Sn. Francisco Saverio, el Delegado Vicario para la Sicilia del Sacro Orden Militar Costantiniano de S. Jorge con los Caballeros Vincenzo Nuccio, Domenico Scapati y Antonio Regina, ha asistido a la Sta. Misa celebrada por el Padre Antonio Porretta, capell\u00e1n constantiniano, en la iglesia de Sn. Francisco de Paola. Ha concelebrado el capell\u00e1n constantiniano Padre Giorgio Terrasi.<\/p>\n<p>La participaci\u00f3n de los Caballeros Constantinianos ha sido auspiciada por el vice provincial de los Padres M\u00ednimos de Sn. Francisco de Paola, padre Saverio Cento, tambi\u00e9n \u00e9l capell\u00e1n constantiniano, en ocasi\u00f3n de su onom\u00e1stico.<\/p>\n<p>Al final de la funci\u00f3n religiosa, en los salones de la sacrist\u00eda, con un frugal recibimiento ha sido festejado padre Saverio.<\/p>\n","protected":false},"excerpt":{"rendered":"<p>Sicilia &#8211; El mi\u00e9rcoles 3 de diciembre, con motivo de la Festividad de Sn. Francisco Saverio, el Delegado Vicario para la Sicilia del Sacro Orden Militar Costantiniano de S. Jorge con los Caballeros Vincenzo Nuccio, Domenico Scapati y Antonio Regina, ha asistido a la Sta. Misa celebrada por el Padre Antonio Porretta, capell\u00e1n constantiniano, en [&hellip;]<\/p>\n","protected":false},"author":1,"featured_media":0,"comment_status":"open","ping_status":"open","sticky":false,"template":"","format":"standard","meta":{"footnotes":""},"categories":[167],"tags":[],"class_list":["post-17723","post","type-post","status-publish","format-standard","hentry","category-delegacion-de-la-sicilia"],"_links":{"self":[{"href":"https:\/\/svil.constantinianorder.com\/es\/wp-json\/wp\/v2\/posts\/17723","targetHints":{"allow":["GET"]}}],"collection":[{"href":"https:\/\/svil.constantinianorder.com\/es\/wp-json\/wp\/v2\/posts"}],"about":[{"href":"https:\/\/svil.constantinianorder.com\/es\/wp-json\/wp\/v2\/types\/post"}],"author":[{"embeddable":true,"href":"https:\/\/svil.constantinianorder.com\/es\/wp-json\/wp\/v2\/users\/1"}],"replies":[{"embeddable":true,"href":"https:\/\/svil.constantinianorder.com\/es\/wp-json\/wp\/v2\/comments?post=17723"}],"version-history":[{"count":1,"href":"https:\/\/svil.constantinianorder.com\/es\/wp-json\/wp\/v2\/posts\/17723\/revisions"}],"predecessor-version":[{"id":59992,"href":"https:\/\/svil.constantinianorder.com\/es\/wp-json\/wp\/v2\/posts\/17723\/revisions\/59992"}],"wp:attachment":[{"href":"https:\/\/svil.constantinianorder.com\/es\/wp-json\/wp\/v2\/media?parent=17723"}],"wp:term":[{"taxonomy":"category","embeddable":true,"href":"https:\/\/svil.constantinianorder.com\/es\/wp-json\/wp\/v2\/categories?post=17723"},{"taxonomy":"post_tag","embeddable":true,"href":"https:\/\/svil.constantinianorder.com\/es\/wp-json\/wp\/v2\/tags?post=17723"}],"curies":[{"name":"wp","href":"https:\/\/api.w.org\/{rel}","templated":true}]}}