{"id":17834,"date":"2015-02-13T11:57:32","date_gmt":"2015-02-13T11:57:32","guid":{"rendered":"http:\/\/www.constantinianorder.net\/?p=17834"},"modified":"2026-02-04T11:32:55","modified_gmt":"2026-02-04T11:32:55","slug":"17834","status":"publish","type":"post","link":"https:\/\/svil.constantinianorder.com\/es\/17834\/","title":{"rendered":"Nota de prensa &#8211; Milazzo &#8211; dedicaci\u00f2n de la via Gral. Ferdinando Beneventano del Bosque"},"content":{"rendered":"<p><em><strong><a href=\"http:\/\/www.constantinianorder.net\/wp-content\/uploads\/2013\/02\/CO-Cross-150x150.png\"><img loading=\"lazy\" decoding=\"async\" class=\"alignleft wp-image-15870 size-full\" src=\"http:\/\/www.constantinianorder.net\/wp-content\/uploads\/2013\/02\/CO-Cross-150x150.png\" alt=\"CO-Cross-150x150\" width=\"150\" height=\"150\" \/><\/a><\/strong><\/em><\/p>\n<p><strong><em>Milazzo &#8211; 12 Diciembre 2014. <\/em><\/strong>Una batalla ardua. Una gran victoria. Es as\u00ed que se puede resumir el complicado episodio que felizmente se ha conclu\u00eddo con la dedicaci\u00f3n de una v\u00eda ciudadana en Milazzo al Gral. Ferdinando Beneventano del Bosque. Este, a la \u00e9poca de los hechos del 20 de julio de1860, vest\u00eda el grado de Coronel del ej\u00e9rcito de las Dos Sicilias y ten\u00eda su cuartel en Milazzo junto a sus tropas. El Beneventano fu\u00e9 uno de los pocos oficiales con rango que no pusieron en venta su propia fidelidad al Rey, si no que combatieron valientemente y con honor, aunque en vano, para contrarrestar la avanzada de los garibaldinos<\/p>\n<p>No obstante hayan transcurrido ya 154 a\u00f1os, en Milazzo el conflicto parece estar a\u00fan fresco, y por esto el iter que ha llevado a la dedicaci\u00f3n de la v\u00eda al Beneventano ha estado lleno de obst\u00e1culos y no exento de complot y dificultades de todo tipo. Como ideador y promotor del proyecto, el escribiente ha tenido que sostener una verdadera y personal batalla cultural, muy a menudo degenerada en guerrilla, hecha de tantos y \u00e1speros duelos cuerpo a cuerpo con los que, sobre la huella del misticismo resurgimental, son a\u00fan al d\u00eda de hoy alienados a la defensa del rubio h\u00e9roe que lleg\u00f3 a liberar la Isla.<\/p>\n<p>Participar a la ceremonia de dedicaci\u00f3n de la v\u00eda al General Ferdinando Beneventano del Bosque ha sido pues un motivo de profundo orgullo e inefable satisfacci\u00f3n, una forma de gran e irrepetible recuperaci\u00f3n moral, dado que se trata de la v\u00eda que conduce al Castillo de Milazzo, la misma v\u00eda que el Coronel descendi\u00f3 a pie y detr\u00e1s de la iron\u00eda de los garibaldinos el 26 de luglio del 1860, siendo tratada la capitulaci\u00f3n del fuerte a la cu\u00e1l el Clary no pretendi\u00f3 enviar refuerzos de Messina.<\/p>\n<p>Al evento, que se llevo a cabo el pasado 12 de Diciembre con la presencia de las autoridades civiles y militares, han tomado parte los descendientes directos del intr\u00e9pido Oficial, el Bar\u00f3n Ettore Beneventano del Bosque y el Bar\u00f3n Pietro Beneventano del Bosque, que en el pasado hab\u00eda sido ya hu\u00e9sped de honor en el Convenio Hist\u00f3rico \u201cConversando con Beneventano del Bosque\u201d, desarrollado por iniciativa y cura del suscrito el pasado a\u00f1o en el Antiguo Domo del Castillo.<\/p>\n<p>Entre los hu\u00e9spedes mas esperados no pod\u00eda faltar la Delegaci\u00f3n Sicilia del Sacro Orden Constantiniano de San Jorge, en la persona del Noble Delegado Vicario Noble Dr. Antonio di Janni, Cab. Gr. Cr. de Gracia, que ha representado tambi\u00e9n a la Real Casa Borb\u00f3n Dos Sicilias. El Rev. P. Mario Savarese, Cab. de Gracia Eclesi\u00e1stica ha bendecido la placa conmemorativa, en tanto formaban una corona los Caballeros Constantinianos Salvador Italiano, Giovanni Bonanno coordinador de Messina y provincia, Giuseppe Matranga, Franz Riccobono, Manlio Corselli, la Dama Carmela Munda y numerosos Benem\u00e9ritos.<\/p>\n<p>El ambicioso proyecto apenas realizado por la Representaci\u00f3n Constantiniana de Milazzo se insiere perfectamente, de hecho, en el \u00e1mbito de las m\u00faltiples iniciativas de la Delegaci\u00f3n Sicilia, de la cu\u00e1l es notoria la gran dedicaci\u00f3n a la Real Casa Borbon Dos Sicilias, y constituye una piedra miliar en el camino de revalorizaci\u00f3n de la doble identidad siciliana, calpestada e injuriada por m\u00e1s de un siglo y medio del misticismo resurgimental. Para conse\u00f1ar a el Sindaco una prestigiosa medalla conmemorativa del Orden, el Noble Dr. Antonio di Janni se ha congratulado con la Administraci\u00f3n Municipal, que, con la delibera de la dedicaci\u00f3n, \u201cha querido cumplir un acto de justicia y de verdad hist\u00f3rica\u201d, como afirmado por el mismo Primer Ciudadano.<\/p>\n<p>Viva conmoci\u00f3n y profundo reconocimiento han sido los sentimientos expresados por el Bar\u00f3n Pietro Beneventano del Bosque, que ha deseado agradecer a el Sindaco, el Prof. Italiano y el Delegado Vicario del Orden Constantiniano por \u201cla encomiable obra de valorizaci\u00f3n y promoci\u00f3n de nuestra historia, y de nuestro patrimonio, por medio de una iniciativa que reviste una gran importancia en el proceso de pacificaci\u00f3n post-unitaria\u201d.<\/p>\n<p>Como complemento de la liberatoria con la cu\u00e1l el Sindaco de Milazzo Abg. Carmelo Pino ha dado lugar a la dedicaci\u00f3n de la v\u00eda, ha sido requerido al cab. Salvatore Italiano de componer una breve ficha biogr\u00e1fica del Beneventano, que contenga las motivaciones de soporte del provedimento. El texto, del cu\u00e1l se ha tenido la lectura en la ceremonia de la dedicaci\u00f3n, es el siguiente: \u201cGeneral Ferdinando Beneventano del Bosque (Palermo, 3 Marzo 1813 \u2013 N\u00e1poles, 8 Enero 1881). Nacido en Palermo de una familia noble siciliana originaria de Siracusa, en su adolescencia se transfiri\u00f3 a N\u00e1poles, en donde ingreso en el Colegio Militar de la Nunziatela. Ah\u00ed conoce el milaze\u00f1o Stefano Zirilli con el cu\u00e1l estrecha un sincera amistad y con el cu\u00e1l posteriormente se encontrar\u00eda a tratar en el 1860, con la ocasi\u00f3n del asedio de los garibaldinos al fuerte de Milazzo.<\/p>\n<p>Terminados los estudios militares el Beneventano fu\u00e9 inserido en los roles del ej\u00e9rcito con el grado de teniente segundo\u00a0 de los granaderos de la Guardia. Desde el inicio desmostr\u00f3 poseer todas las cualidades necesarias para ser un excelente militar, en el 1848 fu\u00e9 promovido al grado de capit\u00e1n, distingui\u00e9ndose por su valor sea en la campa\u00f1a de Sicilia del mismo a\u00f1o, sea durante el asedio de Messina, en el curso del cu\u00e1l result\u00f3 herido.<\/p>\n<p>Sus dotes y el celo profuso en el cumplimiento del deber le concedieron la condecoraci\u00f3n de Ferdinando II con la medalla de oro de primera clase e insignio de las honorificiencias de S. Ferdinando y de S. Jorge.<\/p>\n<p>Su fidelidad a el ej\u00e9rcito fu\u00e9 aut\u00e9ntica y generosa y lo llev\u00f3 a obtener el m\u00e1ximo respeto de cada militar, tanto que en el 1857 solicita la abolici\u00f3n de las penas corporales para los soldados.<\/p>\n<p>En el 1857 fu\u00e9 temporaneamente transferido a Sicilia, y el a\u00f1o sucesivo, con la promoci\u00f3n a mayor, fu\u00e9 asignado al comando del 9\u00ba batall\u00f3n de l\u00ednea, manteniendo su cuartel en Monreal. Es aqu\u00ed que el 6 de Abril 1860 contiene los ataques iniciales de los Palermitanos rebeldes, el 12 de abril resisti\u00f3 a un nuevo ataque y contra-ataco con \u00e9xito los dominios de los Carinos.<\/p>\n<p>Despu\u00e9s del desembarque garibaldino y de la primera derrota borb\u00f3nica de Calatafimi, el Beneventano acudi\u00f3 en primera linea junto a el coronel suizo Von Mechel a el ataque por la retroguardia que se dirig\u00eda hacia Palermo, en donde el 30 de mayo intent\u00f3 un asalto contro las primeras barricadas de la ciudad ya ocupada, sin embargo fu\u00e9 inmediatamente frenado de la noticia de la tregua solicitada por Lanza a Garibaldi.<\/p>\n<p>El 10 junio el Beneventano fu\u00e9 promovido a coronel, e inmediatamente despu\u00e9s se embarc\u00f3 con sus soldados hacia Mesina, en donde a mitad de julio el general Clary lo envi\u00f3 a presidir el fuerte de Milazzo con tres batallones. El 20 de julio daba batalla a los Medici en la planicies de Milazzo y, despu\u00e9s de una heroica resistencia, estuvo obligado a retirarse en el fuerte, de donde pide en vano refuerzos al Clary. El 23 llega de N\u00e1poles un oficial que trat\u00f3 la rendici\u00f3n del fuerte con los garibaldinos. El Beneventano sali\u00f3 de Milazzo insultado y denigrado por los enemigos y con sus tropas se embarc\u00f3 hacia N\u00e1poles. Aqu\u00ed es en d\u00f3nde obtiene la tercera promoci\u00f3n en pocos meses, obteniendo el grado de general de brigada. Su empe\u00f1o, aprobado plenamente por el Soberano Francisco II, fu\u00e9 aquello de evitar un in\u00fatil derramamiento de sangre con batallas improductivas y hacer de todo con tal de que la poblaci\u00f3n indefensa de los civiles no tuviera que sufrir padecimientos injustos a causa de las maniobras militares en curso. Convence as\u00ed a Francisco II de la inutilidad de ponerse al frente del ej\u00e9rcito y lo induce a no oponer resistencia a los garibaldinos que avanzaban, hasta su retirada de Gaeta.<\/p>\n<p>En la \u00faltima fortaleza borb\u00f3nica el Beneventano conduce una heroica mas vana defensa, hasta la rendici\u00f3n de las tropas de Cialdini. Despu\u00e9s de la capitulaci\u00f3n sigui\u00f3 a su rey en exilio voluntario en Roma, evitando de entrar en el ej\u00e9rcito sabaudo con el mismo grado que le hab\u00eda sido ya conferido.<\/p>\n<p>Ferdinando Beneventano del Bosque el d\u00eda de hoy es a\u00fan recordado en Milazzo por haber sido el\u00a0 Comandante de la defensa borb\u00f3nica con cuartel en el Castillo de Milazzo en los hechos del 20 Julio 1860. Los estudios de la mas estricta tradici\u00f3n bibliogr\u00e1fica lo describen como un oficial integro y valeroso, que, no obstante cumpliendo fielmente a su proprio encargo de enfrentar la avanzada de los garibaldinos, mantiene el m\u00e1ximo respeto por la Ciudad de Milazzo y por su poblacion, evit\u00f3 cualquier tipo de acci\u00f3n que pudiera da\u00f1arla o procurar v\u00edctimas entre los civiles, y demostr\u00f3 la misma benevolencia y magnanimidad en el confronto de los mismos comitados revolucionarios presentes en el ambiente ciudadano. Se distingue por su conducta heroica en el combate, por la lealtad a su Soberano y por su altis\u00edmo sentido de la justicia y del deber, que acompa\u00f1o cada una de sus acciones.<\/p>\n<p>Su comportamiento todav\u00eda ahora es un claro ejemplo de los mas altos ideales: servicio a la Patria, respeto para la colectividad, pasi\u00f3n por su propria profesi\u00f3n, que desarrollo con una honestidad intelectual, \u00e1nimo integro, esp\u00edritu de abnegaci\u00f3n y capacidad de sacrificio.\u201d<\/p>\n<p>Al final de la ceremonia el sindaco acompa\u00f1o a los participantes a una visita en la fortaleza de Milazzo.<\/p>\n<p><em><strong>\u00a0<\/strong><\/em><\/p>\n<p><!--more--><\/p>\n<p><a href=\"http:\/\/www.constantinianorder.net\/wp-content\/uploads\/2014\/12\/1-da-sx-il-ccordinatore-di-Messina-e-prov.-con-il-delegato-vicario-di-sicilia.jpg\"><img loading=\"lazy\" decoding=\"async\" class=\"alignnone size-medium wp-image-17433\" src=\"http:\/\/www.constantinianorder.net\/wp-content\/uploads\/2014\/12\/1-da-sx-il-ccordinatore-di-Messina-e-prov.-con-il-delegato-vicario-di-sicilia-500x333.jpg\" alt=\"1) da sx il ccordinatore di Messina e prov. con il delegato vicario di sicilia\" width=\"500\" height=\"333\" \/><\/a> <a href=\"http:\/\/www.constantinianorder.net\/wp-content\/uploads\/2014\/12\/2-il-B.ne-pietro-beneventano-del-Bosco-con-il-nipote-Ettore.jpg\"><img loading=\"lazy\" decoding=\"async\" class=\"alignnone size-medium wp-image-17434\" src=\"http:\/\/www.constantinianorder.net\/wp-content\/uploads\/2014\/12\/2-il-B.ne-pietro-beneventano-del-Bosco-con-il-nipote-Ettore-500x333.jpg\" alt=\"2) il B.ne pietro beneventano del Bosco con il nipote Ettore\" width=\"500\" height=\"333\" \/><\/a> <a href=\"http:\/\/www.constantinianorder.net\/wp-content\/uploads\/2014\/12\/3-il-prof.-Italiano-legge-la-storia-della-vita-del-gen.-BeneventanoIMG_1500.jpg\"><img loading=\"lazy\" decoding=\"async\" class=\"alignnone size-medium wp-image-17435\" src=\"http:\/\/www.constantinianorder.net\/wp-content\/uploads\/2014\/12\/3-il-prof.-Italiano-legge-la-storia-della-vita-del-gen.-BeneventanoIMG_1500-333x500.jpg\" alt=\"3) il prof. Italiano legge la storia della vita del gen. BeneventanoIMG_1500\" width=\"333\" height=\"500\" \/><\/a> <a href=\"http:\/\/www.constantinianorder.net\/wp-content\/uploads\/2014\/12\/4-la-scopertura-della-lapide.jpg\"><img loading=\"lazy\" decoding=\"async\" class=\"alignnone size-medium wp-image-17436\" src=\"http:\/\/www.constantinianorder.net\/wp-content\/uploads\/2014\/12\/4-la-scopertura-della-lapide-500x333.jpg\" alt=\"4 ) la scopertura della lapide\" width=\"500\" height=\"333\" \/><\/a> <a href=\"http:\/\/www.constantinianorder.net\/wp-content\/uploads\/2014\/12\/5-la-lapide.jpg\"><img loading=\"lazy\" decoding=\"async\" class=\"alignnone size-medium wp-image-17437\" src=\"http:\/\/www.constantinianorder.net\/wp-content\/uploads\/2014\/12\/5-la-lapide-500x333.jpg\" alt=\"5) la lapide\" width=\"500\" height=\"333\" \/><\/a> <a href=\"http:\/\/www.constantinianorder.net\/wp-content\/uploads\/2014\/12\/6-il-B.ne-Ettore-beneventano-del-Bosco-consegna-la-medaglia-della-delegazione-Sicilia-al-sindaco.jpg\"><img loading=\"lazy\" decoding=\"async\" class=\"alignnone size-medium wp-image-17438\" src=\"http:\/\/www.constantinianorder.net\/wp-content\/uploads\/2014\/12\/6-il-B.ne-Ettore-beneventano-del-Bosco-consegna-la-medaglia-della-delegazione-Sicilia-al-sindaco-500x333.jpg\" alt=\"6) il B.ne Ettore beneventano del Bosco consegna la medaglia della delegazione Sicilia al sindaco\" width=\"500\" height=\"333\" \/><\/a> <a href=\"http:\/\/www.constantinianorder.net\/wp-content\/uploads\/2014\/12\/7-il-sindaco-con-i-baroni-Beneventano.jpg\"><img loading=\"lazy\" decoding=\"async\" class=\"alignnone size-medium wp-image-17439\" src=\"http:\/\/www.constantinianorder.net\/wp-content\/uploads\/2014\/12\/7-il-sindaco-con-i-baroni-Beneventano-500x333.jpg\" alt=\"7) il sindaco con i baroni Beneventano\" width=\"500\" height=\"333\" \/><\/a> <a href=\"http:\/\/www.constantinianorder.net\/wp-content\/uploads\/2014\/12\/8-foto-dopo-la-scopertura-della-lapide.jpg\"><img loading=\"lazy\" decoding=\"async\" class=\"alignnone size-medium wp-image-17440\" src=\"http:\/\/www.constantinianorder.net\/wp-content\/uploads\/2014\/12\/8-foto-dopo-la-scopertura-della-lapide-500x333.jpg\" alt=\"8) foto dopo la scopertura della lapide\" width=\"500\" height=\"333\" \/><\/a> <a href=\"http:\/\/www.constantinianorder.net\/wp-content\/uploads\/2014\/12\/9-il-cav.-salvatore-Italiano-con-il-delg.-Vicario.jpg\"><img loading=\"lazy\" decoding=\"async\" class=\"alignnone size-medium wp-image-17441\" src=\"http:\/\/www.constantinianorder.net\/wp-content\/uploads\/2014\/12\/9-il-cav.-salvatore-Italiano-con-il-delg.-Vicario-490x500.jpg\" alt=\"9) il cav. salvatore Italiano con il delg. Vicario\" width=\"490\" height=\"500\" \/><\/a> <a href=\"http:\/\/www.constantinianorder.net\/wp-content\/uploads\/2014\/12\/10-fortezza-di-Milazzo.jpg\"><img loading=\"lazy\" decoding=\"async\" class=\"alignnone size-medium wp-image-17442\" src=\"http:\/\/www.constantinianorder.net\/wp-content\/uploads\/2014\/12\/10-fortezza-di-Milazzo-500x333.jpg\" alt=\"10) fortezza di Milazzo\" width=\"500\" height=\"333\" \/><\/a> <a href=\"http:\/\/www.constantinianorder.net\/wp-content\/uploads\/2014\/12\/11-la-fortezza-di-Milazzo.jpg\"><img loading=\"lazy\" decoding=\"async\" class=\"alignnone size-medium wp-image-17443\" src=\"http:\/\/www.constantinianorder.net\/wp-content\/uploads\/2014\/12\/11-la-fortezza-di-Milazzo-500x333.jpg\" alt=\"11) la fortezza di Milazzo\" width=\"500\" height=\"333\" \/><\/a> <a href=\"http:\/\/www.constantinianorder.net\/wp-content\/uploads\/2014\/12\/IMG_1564.jpg\"><img loading=\"lazy\" decoding=\"async\" class=\"alignnone size-medium wp-image-17444\" src=\"http:\/\/www.constantinianorder.net\/wp-content\/uploads\/2014\/12\/IMG_1564-500x333.jpg\" alt=\"IMG_1564\" width=\"500\" height=\"333\" \/><\/a><\/p>\n","protected":false},"excerpt":{"rendered":"<p>Milazzo &#8211; 12 Diciembre 2014. Una batalla ardua. Una gran victoria. Es as\u00ed que se puede resumir el complicado episodio que felizmente se ha conclu\u00eddo con la dedicaci\u00f3n de una v\u00eda ciudadana en Milazzo al Gral. Ferdinando Beneventano del Bosque. Este, a la \u00e9poca de los hechos del 20 de julio de1860, vest\u00eda el grado [&hellip;]<\/p>\n","protected":false},"author":1,"featured_media":0,"comment_status":"open","ping_status":"open","sticky":false,"template":"","format":"standard","meta":{"footnotes":""},"categories":[167],"tags":[],"class_list":["post-17834","post","type-post","status-publish","format-standard","hentry","category-delegacion-de-la-sicilia"],"_links":{"self":[{"href":"https:\/\/svil.constantinianorder.com\/es\/wp-json\/wp\/v2\/posts\/17834","targetHints":{"allow":["GET"]}}],"collection":[{"href":"https:\/\/svil.constantinianorder.com\/es\/wp-json\/wp\/v2\/posts"}],"about":[{"href":"https:\/\/svil.constantinianorder.com\/es\/wp-json\/wp\/v2\/types\/post"}],"author":[{"embeddable":true,"href":"https:\/\/svil.constantinianorder.com\/es\/wp-json\/wp\/v2\/users\/1"}],"replies":[{"embeddable":true,"href":"https:\/\/svil.constantinianorder.com\/es\/wp-json\/wp\/v2\/comments?post=17834"}],"version-history":[{"count":1,"href":"https:\/\/svil.constantinianorder.com\/es\/wp-json\/wp\/v2\/posts\/17834\/revisions"}],"predecessor-version":[{"id":60114,"href":"https:\/\/svil.constantinianorder.com\/es\/wp-json\/wp\/v2\/posts\/17834\/revisions\/60114"}],"wp:attachment":[{"href":"https:\/\/svil.constantinianorder.com\/es\/wp-json\/wp\/v2\/media?parent=17834"}],"wp:term":[{"taxonomy":"category","embeddable":true,"href":"https:\/\/svil.constantinianorder.com\/es\/wp-json\/wp\/v2\/categories?post=17834"},{"taxonomy":"post_tag","embeddable":true,"href":"https:\/\/svil.constantinianorder.com\/es\/wp-json\/wp\/v2\/tags?post=17834"}],"curies":[{"name":"wp","href":"https:\/\/api.w.org\/{rel}","templated":true}]}}