{"id":17853,"date":"2015-02-17T17:54:58","date_gmt":"2015-02-17T16:54:58","guid":{"rendered":"http:\/\/www.constantinianorder.net\/?p=17853"},"modified":"2026-02-05T14:17:45","modified_gmt":"2026-02-05T14:17:45","slug":"retiro-espiritual-para-la-preparacion-de-la-sta-natividad-en-patti-de-la-delegacion-sicilia","status":"publish","type":"post","link":"https:\/\/svil.constantinianorder.com\/es\/retiro-espiritual-para-la-preparacion-de-la-sta-natividad-en-patti-de-la-delegacion-sicilia\/","title":{"rendered":"RETIRO ESPIRITUAL PARA LA PREPARACI\u00d3N DE LA STA. NATIVIDAD EN PATTI DE LA DELEGACI\u00d3N SICILIA"},"content":{"rendered":"<p><em><strong><a href=\"http:\/\/www.constantinianorder.net\/wp-content\/uploads\/2014\/12\/Patti-20-12-14-357.jpg\"><img loading=\"lazy\" decoding=\"async\" class=\"alignleft wp-image-17458\" src=\"http:\/\/www.constantinianorder.net\/wp-content\/uploads\/2014\/12\/Patti-20-12-14-357-500x311.jpg\" alt=\"Patti 20-12-14 357\" width=\"244\" height=\"152\" \/><\/a><\/strong><\/em><\/p>\n<p><strong><em>Patti &#8211; 1 diciembre 2014. <\/em><\/strong>En la catedral de Patti, el Mons. Ignacio Zambito, Obispo de la di\u00f3cesis d Patti y comm. de Gracia Eclesi\u00e1stica, ha celebrado una Solenme Pontifical para los caballeros y las damas de la delegaci\u00f3n Constantiniana de Sicilia. \u00c9sta \u00faltima ha donado a la catedral la \u201cVia Crucis\u201d, obra de la artista palermitana profa. Mar\u00eda Grazia Di Giorgio.<\/p>\n<p>Antes de la S. Misa el Obispo ha presidido, para los caballeros Constantinianos, un retiro espiritual para la preparaci\u00f3n a la Santa Natividad, donando a todos los presentes una Biblia editada por su di\u00f3cesis.<\/p>\n<p>Al final de la Solenme Pontifical han sido conse\u00f1ados los nombramientos de caballeros de Gracia Eclesi\u00e1stica al can\u00f3nico Don Antonio Morabito y los diplomas de caballeros a Giuseppe Stagno, Natale Modica, Giuseppe Petronaci y Antonio Ciancio D\u2019Arrigo, que no estaban presentes, el pasado febrero, a la envestidura en el Domo de Monreal.<\/p>\n<p>Nutrida partecipaci\u00f3n de la delegaci\u00f3n siciliana, encabezada por el delegado vicario de la Sicilia Dr. Antonio di Janni cab. Gr. Cr. de Gracia, con los capellanos constantinianos Don Antonio Cipriano Arcipreste de Caronia y padre Mario Savarese de los Padre Minimos de Milazzo. Y tambi\u00e9n, los caballeros: Giovanni Bonanno, Franz Riccobono, Santi Legrottaglie, Salvatore Italiano, Salvatore Scalzo, Benedetto Salamone, Salvatore Mangione, Emanuele Scarlata, Giuseppe Barca, Vincenzo Nuccio, Carmelo Sammarco, Gasperino Como, Salvatore Romano, Domenico Scapati, Claudio Ragusa, Salvatore Orobello, Marcello Cantone, Michele Tramontana, Salvatore Favata, Claudio Giuffr\u00e8, Calogero Di Naro y la dama Santina Ferlito.<\/p>\n<p><em><strong>\u00a0<\/strong><\/em><\/p>\n<p><!--more--><\/p>\n<p><a href=\"http:\/\/www.constantinianorder.net\/wp-content\/uploads\/2014\/12\/Patti-20-12-14-027.jpg\"><img loading=\"lazy\" decoding=\"async\" class=\"alignnone size-medium wp-image-17456\" src=\"http:\/\/www.constantinianorder.net\/wp-content\/uploads\/2014\/12\/Patti-20-12-14-027-500x333.jpg\" alt=\"Patti 20-12-14 027\" width=\"500\" height=\"333\" \/><\/a> <a href=\"http:\/\/www.constantinianorder.net\/wp-content\/uploads\/2014\/12\/Patti-20-12-14-140.jpg\"><img loading=\"lazy\" decoding=\"async\" class=\"alignnone size-medium wp-image-17457\" src=\"http:\/\/www.constantinianorder.net\/wp-content\/uploads\/2014\/12\/Patti-20-12-14-140-500x333.jpg\" alt=\"Patti 20-12-14 140\" width=\"500\" height=\"333\" \/><\/a> <a href=\"http:\/\/www.constantinianorder.net\/wp-content\/uploads\/2014\/12\/Patti-20-12-14-357.jpg\"><img loading=\"lazy\" decoding=\"async\" class=\"alignnone size-medium wp-image-17458\" src=\"http:\/\/www.constantinianorder.net\/wp-content\/uploads\/2014\/12\/Patti-20-12-14-357-500x311.jpg\" alt=\"Patti 20-12-14 357\" width=\"500\" height=\"311\" \/><\/a><\/p>\n","protected":false},"excerpt":{"rendered":"<p>Patti &#8211; 1 diciembre 2014. En la catedral de Patti, el Mons. Ignacio Zambito, Obispo de la di\u00f3cesis d Patti y comm. de Gracia Eclesi\u00e1stica, ha celebrado una Solenme Pontifical para los caballeros y las damas de la delegaci\u00f3n Constantiniana de Sicilia. \u00c9sta \u00faltima ha donado a la catedral la \u201cVia Crucis\u201d, obra de la [&hellip;]<\/p>\n","protected":false},"author":1,"featured_media":0,"comment_status":"open","ping_status":"open","sticky":false,"template":"","format":"standard","meta":{"footnotes":""},"categories":[167],"tags":[],"class_list":["post-17853","post","type-post","status-publish","format-standard","hentry","category-delegacion-de-la-sicilia"],"_links":{"self":[{"href":"https:\/\/svil.constantinianorder.com\/es\/wp-json\/wp\/v2\/posts\/17853","targetHints":{"allow":["GET"]}}],"collection":[{"href":"https:\/\/svil.constantinianorder.com\/es\/wp-json\/wp\/v2\/posts"}],"about":[{"href":"https:\/\/svil.constantinianorder.com\/es\/wp-json\/wp\/v2\/types\/post"}],"author":[{"embeddable":true,"href":"https:\/\/svil.constantinianorder.com\/es\/wp-json\/wp\/v2\/users\/1"}],"replies":[{"embeddable":true,"href":"https:\/\/svil.constantinianorder.com\/es\/wp-json\/wp\/v2\/comments?post=17853"}],"version-history":[{"count":1,"href":"https:\/\/svil.constantinianorder.com\/es\/wp-json\/wp\/v2\/posts\/17853\/revisions"}],"predecessor-version":[{"id":60130,"href":"https:\/\/svil.constantinianorder.com\/es\/wp-json\/wp\/v2\/posts\/17853\/revisions\/60130"}],"wp:attachment":[{"href":"https:\/\/svil.constantinianorder.com\/es\/wp-json\/wp\/v2\/media?parent=17853"}],"wp:term":[{"taxonomy":"category","embeddable":true,"href":"https:\/\/svil.constantinianorder.com\/es\/wp-json\/wp\/v2\/categories?post=17853"},{"taxonomy":"post_tag","embeddable":true,"href":"https:\/\/svil.constantinianorder.com\/es\/wp-json\/wp\/v2\/tags?post=17853"}],"curies":[{"name":"wp","href":"https:\/\/api.w.org\/{rel}","templated":true}]}}