{"id":17876,"date":"2015-02-17T18:32:37","date_gmt":"2015-02-17T17:32:37","guid":{"rendered":"http:\/\/www.constantinianorder.net\/?p=17876"},"modified":"2026-02-05T14:15:55","modified_gmt":"2026-02-05T14:15:55","slug":"castillo-humberto-clausura-del-ano-constantiniano-y-sta-misa-en-sufragio-de-s-m-francisco-ii","status":"publish","type":"post","link":"https:\/\/svil.constantinianorder.com\/es\/castillo-humberto-clausura-del-ano-constantiniano-y-sta-misa-en-sufragio-de-s-m-francisco-ii\/","title":{"rendered":"CASTILLO HUMBERTO CLAUSURA DEL A\u00d1O CONSTANTINIANO Y STA. MISA EN SUFRAGIO DE S.M. FRANCISCO II"},"content":{"rendered":"<p><strong><a href=\"http:\/\/www.constantinianorder.net\/wp-content\/uploads\/2015\/01\/30-12-14-castellumberto-071.jpg\"><img loading=\"lazy\" decoding=\"async\" class=\"alignleft wp-image-17500\" src=\"http:\/\/www.constantinianorder.net\/wp-content\/uploads\/2015\/01\/30-12-14-castellumberto-071-500x345.jpg\" alt=\"30-12-14 castellumberto 071\" width=\"235\" height=\"162\" \/><\/a><\/strong><\/p>\n<p><strong>Castillo Humberto \u2013 27 diciembre 2014. <\/strong>En la peque\u00f1a iglesia de S. Jorge e Castanea fracci\u00f3n de Castillo Humberto en provincia de Mesina, con una Divina Liturg\u00eda a S. Juan Cris\u00f3stomo (Misa en rito bizantino) Papas Luigi Lucini, capell\u00e1n constantiniano, ha clausurado el a\u00f1o constantiniano 2014 de la delegaci\u00f3n Sicilia. Retando a la nieve, los caballeros constantinianos se han reunido en su iglesia en los montes Nebrodi para una celebraci\u00f3n en memoria y sufragio de los Grandes Maestros del Orden Constantiniano y de S.M. Francisco II del cu\u00e1l se ha celebrado, el 27 de diciembre, el 120 aniversario de su muerte. Al final de la funci\u00f3n religiosa, el delegado vicario para la Sicilia Noble Antonio di Janni, Cab. Gr. Cr. de Gracia, ha recordado los hechos sobresalientes de la actividad constantiniana de Sicilia en el 2014.<\/p>\n<p>Particularmente se ha detenido en las visitas de S.A.R. la Princesa Beatriz de Borb\u00f3n de las Dos Sicilias, Gran Cancillier, a mayo y del Gran Maestro S.A.R. el Pr\u00edncipe Carlos de Borb\u00f3n de las Dos Sicilias Duque de Castro en noviembre. Tambi\u00e9n ha recordado la presencia del Gran Prior S.Emma Rev.ma el Cardenal Renato Raffaele Martino a febrero para las investiduras y a marzo para el d\u00e9cimo aniversario de la publicaci\u00f3n del Compendio de la Doctrina Social de la iglesia Cat\u00f3lica en Monreal con el Arzobispo y Prior de la Sicilia, S.E. Rev.ma Mons. Michele Pennisi.<\/p>\n<p>Otra ceremonia recordada fu\u00e9 la del retiro espiritual con el Obispo de Patti S.E. Rev.ma Mons. Ignacio Zambito en la co-catedral de Patti. Una particular menci\u00f3n ha sido dedicada al proyecto \u201cel hambre de tu vecino\u201d, con donaciones de leche, pasta y otros\u00a0 alimentos, comidas para los necesitados y a su flanco el proyecto \u201cNuevos Granitos de Salud\u201d que desde hace un a\u00f1o provee a los ni\u00f1os da 0 a 3 a\u00f1os sea a Monreal que a Plaza Armerina. Presentes los caballeros Salvatore Romano, Antonio di Janni, Salvatore Mangione, Giuseppe Sgr\u00f2, Carmelo Sammarco, Giuseppe Matranga, Salvatore Italiano y la dama Santina Ferlito.<\/p>\n<p><strong>\u00a0<\/strong><\/p>\n<p><!--more--><\/p>\n<p><a href=\"http:\/\/www.constantinianorder.net\/wp-content\/uploads\/2015\/01\/30-12-14-castellumberto-041.jpg\"><img loading=\"lazy\" decoding=\"async\" class=\"alignnone size-medium wp-image-17498\" src=\"http:\/\/www.constantinianorder.net\/wp-content\/uploads\/2015\/01\/30-12-14-castellumberto-041-500x333.jpg\" alt=\"30-12-14 castellumberto 041\" width=\"500\" height=\"333\" \/><\/a> <a href=\"http:\/\/www.constantinianorder.net\/wp-content\/uploads\/2015\/01\/30-12-14-castellumberto-049.jpg\"><img loading=\"lazy\" decoding=\"async\" class=\"alignnone size-medium wp-image-17499\" src=\"http:\/\/www.constantinianorder.net\/wp-content\/uploads\/2015\/01\/30-12-14-castellumberto-049-333x500.jpg\" alt=\"30-12-14 castellumberto 049\" width=\"333\" height=\"500\" \/><\/a> <a href=\"http:\/\/www.constantinianorder.net\/wp-content\/uploads\/2015\/01\/30-12-14-castellumberto-071.jpg\"><img loading=\"lazy\" decoding=\"async\" class=\"alignnone size-medium wp-image-17500\" src=\"http:\/\/www.constantinianorder.net\/wp-content\/uploads\/2015\/01\/30-12-14-castellumberto-071-500x345.jpg\" alt=\"30-12-14 castellumberto 071\" width=\"500\" height=\"345\" \/><\/a> <a href=\"http:\/\/www.constantinianorder.net\/wp-content\/uploads\/2015\/01\/DPP_0001.jpg\"><img loading=\"lazy\" decoding=\"async\" class=\"alignnone size-medium wp-image-17501\" src=\"http:\/\/www.constantinianorder.net\/wp-content\/uploads\/2015\/01\/DPP_0001-500x333.jpg\" alt=\"DPP_0001\" width=\"500\" height=\"333\" \/><\/a><\/p>\n","protected":false},"excerpt":{"rendered":"<p>Castillo Humberto \u2013 27 diciembre 2014. En la peque\u00f1a iglesia de S. Jorge e Castanea fracci\u00f3n de Castillo Humberto en provincia de Mesina, con una Divina Liturg\u00eda a S. Juan Cris\u00f3stomo (Misa en rito bizantino) Papas Luigi Lucini, capell\u00e1n constantiniano, ha clausurado el a\u00f1o constantiniano 2014 de la delegaci\u00f3n Sicilia. Retando a la nieve, los [&hellip;]<\/p>\n","protected":false},"author":1,"featured_media":0,"comment_status":"open","ping_status":"open","sticky":false,"template":"","format":"standard","meta":{"footnotes":""},"categories":[167],"tags":[],"class_list":["post-17876","post","type-post","status-publish","format-standard","hentry","category-delegacion-de-la-sicilia"],"_links":{"self":[{"href":"https:\/\/svil.constantinianorder.com\/es\/wp-json\/wp\/v2\/posts\/17876","targetHints":{"allow":["GET"]}}],"collection":[{"href":"https:\/\/svil.constantinianorder.com\/es\/wp-json\/wp\/v2\/posts"}],"about":[{"href":"https:\/\/svil.constantinianorder.com\/es\/wp-json\/wp\/v2\/types\/post"}],"author":[{"embeddable":true,"href":"https:\/\/svil.constantinianorder.com\/es\/wp-json\/wp\/v2\/users\/1"}],"replies":[{"embeddable":true,"href":"https:\/\/svil.constantinianorder.com\/es\/wp-json\/wp\/v2\/comments?post=17876"}],"version-history":[{"count":1,"href":"https:\/\/svil.constantinianorder.com\/es\/wp-json\/wp\/v2\/posts\/17876\/revisions"}],"predecessor-version":[{"id":60144,"href":"https:\/\/svil.constantinianorder.com\/es\/wp-json\/wp\/v2\/posts\/17876\/revisions\/60144"}],"wp:attachment":[{"href":"https:\/\/svil.constantinianorder.com\/es\/wp-json\/wp\/v2\/media?parent=17876"}],"wp:term":[{"taxonomy":"category","embeddable":true,"href":"https:\/\/svil.constantinianorder.com\/es\/wp-json\/wp\/v2\/categories?post=17876"},{"taxonomy":"post_tag","embeddable":true,"href":"https:\/\/svil.constantinianorder.com\/es\/wp-json\/wp\/v2\/tags?post=17876"}],"curies":[{"name":"wp","href":"https:\/\/api.w.org\/{rel}","templated":true}]}}