{"id":18181,"date":"2015-01-06T12:39:14","date_gmt":"2015-01-06T12:39:14","guid":{"rendered":"http:\/\/www.constantinianorder.net\/?p=18181"},"modified":"2026-01-16T15:55:47","modified_gmt":"2026-01-16T15:55:47","slug":"jornada-de-la-epifania-la-delegacion-sicilia-distribuye-muchos-regalos-para-los-ninos","status":"publish","type":"post","link":"https:\/\/svil.constantinianorder.com\/es\/jornada-de-la-epifania-la-delegacion-sicilia-distribuye-muchos-regalos-para-los-ninos\/","title":{"rendered":"JORNADA DE LA EPIFAN\u00cdA \u2013 LA DELEGACI\u00d3N SICILIA DISTRIBUYE MUCHOS REGALOS PARA LOS NI\u00d1OS \u2013"},"content":{"rendered":"<p><strong><a href=\"http:\/\/www.constantinianorder.net\/wp-content\/uploads\/2015\/01\/befana-2015-S.-Francesco-di-Paola-1.jpg\"><img loading=\"lazy\" decoding=\"async\" class=\"alignleft wp-image-17532\" src=\"http:\/\/www.constantinianorder.net\/wp-content\/uploads\/2015\/01\/befana-2015-S.-Francesco-di-Paola-1-500x333.jpg\" alt=\"befana 2015 S. Francesco di Paola (1)\" width=\"234\" height=\"156\" \/><\/a><\/strong><\/p>\n<p><strong>Palermo \u2013 6 enero 2015. <\/strong>EL d\u00eda 6 enero la Delegaci\u00f3n Sicilia, con motivo de la jornada de la Epifan\u00eda, ha organizado la repartici\u00f3n de regalos para los ni\u00f1os (juguetes y calcetines llenos de dulces).<\/p>\n<p>La primera, a las 12.00 horas en la iglesia de Sn. Nicol\u00e1s Tolentino en v\u00eda Maqueda, en d\u00f3nde alrededor de 50 ni\u00f1os han recibido el paquete de manos de la Sra. Giovanna Galli que desde hace varios a\u00f1os interpreta a la befana.<\/p>\n<p>Tambi\u00e9n estaban presentes para recibir a los ni\u00f1os los caballeros constantinianos: Antonio di Janni, Carmelo Samarco, Gasperino Como, Claudio Ragusa y Francesco Paolo Guarneri.<\/p>\n<p>En la tarde a las 17.00 horas, en la iglesia de S. Francisco de Paola, una segunda repartici\u00f3n para mas de 150 ni\u00f1os, con la colaboraci\u00f3n de los Padres m\u00ednimos constantinianos y de la asociaci\u00f3n Onlus \u201cCruz Blanca\u201d y su presidente Pietro Spezia. Los Padres m\u00ednimos son capellanes constantinianos y son: Padre Saverio Cento, Padre Giorgio Terrasi y Padre Antonio Porretta.<\/p>\n<p><!--more--><\/p>\n<p><a href=\"http:\/\/www.constantinianorder.net\/wp-content\/uploads\/2015\/01\/4-befana-2015-S.-Nicola-da-Tolentino-4.jpg\"><img loading=\"lazy\" decoding=\"async\" class=\"alignnone size-medium wp-image-17523\" src=\"http:\/\/www.constantinianorder.net\/wp-content\/uploads\/2015\/01\/4-befana-2015-S.-Nicola-da-Tolentino-4-500x333.jpg\" alt=\"(4) befana 2015 S. Nicola da Tolentino (4)\" width=\"500\" height=\"333\" \/><\/a> <a href=\"http:\/\/www.constantinianorder.net\/wp-content\/uploads\/2015\/01\/5-befana-2015-S.-Nicola-da-Tolentino-5.jpg\"><img loading=\"lazy\" decoding=\"async\" class=\"alignnone size-medium wp-image-17524\" src=\"http:\/\/www.constantinianorder.net\/wp-content\/uploads\/2015\/01\/5-befana-2015-S.-Nicola-da-Tolentino-5-466x500.jpg\" alt=\"(5) befana 2015 S. Nicola da Tolentino (5)\" width=\"466\" height=\"500\" \/><\/a> <a href=\"http:\/\/www.constantinianorder.net\/wp-content\/uploads\/2015\/01\/6-befana-2015-S.-Nicola-da-Tolentino-1.jpg\"><img loading=\"lazy\" decoding=\"async\" class=\"alignnone size-medium wp-image-17525\" src=\"http:\/\/www.constantinianorder.net\/wp-content\/uploads\/2015\/01\/6-befana-2015-S.-Nicola-da-Tolentino-1-500x388.jpg\" alt=\"(6) befana 2015 S. Nicola da Tolentino (1)\" width=\"500\" height=\"388\" \/><\/a> <a href=\"http:\/\/www.constantinianorder.net\/wp-content\/uploads\/2015\/01\/7-befana-2015-S.-Nicola-da-Tolentino-6.jpg\"><img loading=\"lazy\" decoding=\"async\" class=\"alignnone size-medium wp-image-17526\" src=\"http:\/\/www.constantinianorder.net\/wp-content\/uploads\/2015\/01\/7-befana-2015-S.-Nicola-da-Tolentino-6-500x356.jpg\" alt=\"(7) befana 2015 S. Nicola da Tolentino (6)\" width=\"500\" height=\"356\" \/><\/a> <a href=\"http:\/\/www.constantinianorder.net\/wp-content\/uploads\/2015\/01\/8-befana-2015-S.-Nicola-da-Tolentino-9.jpg\"><img loading=\"lazy\" decoding=\"async\" class=\"alignnone size-medium wp-image-17527\" src=\"http:\/\/www.constantinianorder.net\/wp-content\/uploads\/2015\/01\/8-befana-2015-S.-Nicola-da-Tolentino-9-500x333.jpg\" alt=\"(8) befana 2015 S. Nicola da Tolentino (9)\" width=\"500\" height=\"333\" \/><\/a> <a href=\"http:\/\/www.constantinianorder.net\/wp-content\/uploads\/2015\/01\/9-befana-2015-S.-Nicola-da-Tolentino-8.jpg\"><img loading=\"lazy\" decoding=\"async\" class=\"alignnone size-medium wp-image-17528\" src=\"http:\/\/www.constantinianorder.net\/wp-content\/uploads\/2015\/01\/9-befana-2015-S.-Nicola-da-Tolentino-8-360x500.jpg\" alt=\"(9) befana 2015 S. Nicola da Tolentino (8)\" width=\"360\" height=\"500\" \/><\/a> <a href=\"http:\/\/www.constantinianorder.net\/wp-content\/uploads\/2015\/01\/10-befana-2015-S.-Nicola-da-Tolentino-10.jpg\"><img loading=\"lazy\" decoding=\"async\" class=\"alignnone size-medium wp-image-17529\" src=\"http:\/\/www.constantinianorder.net\/wp-content\/uploads\/2015\/01\/10-befana-2015-S.-Nicola-da-Tolentino-10-500x333.jpg\" alt=\"(10) befana 2015 S. Nicola da Tolentino (10)\" width=\"500\" height=\"333\" \/><\/a> <a href=\"http:\/\/www.constantinianorder.net\/wp-content\/uploads\/2015\/01\/11-befana-2015-S.-Nicola-da-Tolentino-11.jpg\"><img loading=\"lazy\" decoding=\"async\" class=\"alignnone size-medium wp-image-17530\" src=\"http:\/\/www.constantinianorder.net\/wp-content\/uploads\/2015\/01\/11-befana-2015-S.-Nicola-da-Tolentino-11-355x500.jpg\" alt=\"(11) befana 2015 S. Nicola da Tolentino (11)\" width=\"355\" height=\"500\" \/><\/a> <a href=\"http:\/\/www.constantinianorder.net\/wp-content\/uploads\/2015\/01\/befana-2015-icavalieri-con-lassociazione-croce-bianca.jpg\"><img loading=\"lazy\" decoding=\"async\" class=\"alignnone size-medium wp-image-17531\" src=\"http:\/\/www.constantinianorder.net\/wp-content\/uploads\/2015\/01\/befana-2015-icavalieri-con-lassociazione-croce-bianca-500x362.jpg\" alt=\"befana 2015 icavalieri con l'associazione croce bianca\" width=\"500\" height=\"362\" \/><\/a><a href=\"http:\/\/www.constantinianorder.net\/wp-content\/uploads\/2015\/01\/befana-2015-S.-Francesco-di-Paola-1.jpg\"><img loading=\"lazy\" decoding=\"async\" class=\"alignnone size-medium wp-image-17532\" src=\"http:\/\/www.constantinianorder.net\/wp-content\/uploads\/2015\/01\/befana-2015-S.-Francesco-di-Paola-1-500x333.jpg\" alt=\"befana 2015 S. Francesco di Paola (1)\" width=\"500\" height=\"333\" \/><\/a> <a href=\"http:\/\/www.constantinianorder.net\/wp-content\/uploads\/2015\/01\/befana-2015-S.-Francesco-di-Paola-2.jpg\"><img loading=\"lazy\" decoding=\"async\" class=\"alignnone size-medium wp-image-17533\" src=\"http:\/\/www.constantinianorder.net\/wp-content\/uploads\/2015\/01\/befana-2015-S.-Francesco-di-Paola-2-500x333.jpg\" alt=\"befana 2015 S. Francesco di Paola (2)\" width=\"500\" height=\"333\" \/><\/a> <a href=\"http:\/\/www.constantinianorder.net\/wp-content\/uploads\/2015\/01\/befana-2015-S.-Francesco-di-Paola-3.jpg\"><img loading=\"lazy\" decoding=\"async\" class=\"alignnone size-medium wp-image-17534\" src=\"http:\/\/www.constantinianorder.net\/wp-content\/uploads\/2015\/01\/befana-2015-S.-Francesco-di-Paola-3-500x333.jpg\" alt=\"befana 2015 S. Francesco di Paola (3)\" width=\"500\" height=\"333\" \/><\/a> <a href=\"http:\/\/www.constantinianorder.net\/wp-content\/uploads\/2015\/01\/befana-2015-S.-Francesco-di-Paola-4.jpg\"><img loading=\"lazy\" decoding=\"async\" class=\"alignnone size-medium wp-image-17535\" src=\"http:\/\/www.constantinianorder.net\/wp-content\/uploads\/2015\/01\/befana-2015-S.-Francesco-di-Paola-4-500x333.jpg\" alt=\"befana 2015 S. Francesco di Paola (4)\" width=\"500\" height=\"333\" \/><\/a> <a href=\"http:\/\/www.constantinianorder.net\/wp-content\/uploads\/2015\/01\/befana-2015-S.-Francesco-di-Paola-5.jpg\"><img loading=\"lazy\" decoding=\"async\" class=\"alignnone size-medium wp-image-17536\" src=\"http:\/\/www.constantinianorder.net\/wp-content\/uploads\/2015\/01\/befana-2015-S.-Francesco-di-Paola-5-500x333.jpg\" alt=\"befana 2015 S. Francesco di Paola (5)\" width=\"500\" height=\"333\" \/><\/a><\/p>\n<p><strong>\u00a0<\/strong><\/p>\n","protected":false},"excerpt":{"rendered":"<p>Palermo \u2013 6 enero 2015. EL d\u00eda 6 enero la Delegaci\u00f3n Sicilia, con motivo de la jornada de la Epifan\u00eda, ha organizado la repartici\u00f3n de regalos para los ni\u00f1os (juguetes y calcetines llenos de dulces). La primera, a las 12.00 horas en la iglesia de Sn. Nicol\u00e1s Tolentino en v\u00eda Maqueda, en d\u00f3nde alrededor de [&hellip;]<\/p>\n","protected":false},"author":1,"featured_media":0,"comment_status":"open","ping_status":"open","sticky":false,"template":"","format":"standard","meta":{"footnotes":""},"categories":[167],"tags":[],"class_list":["post-18181","post","type-post","status-publish","format-standard","hentry","category-delegacion-de-la-sicilia"],"_links":{"self":[{"href":"https:\/\/svil.constantinianorder.com\/es\/wp-json\/wp\/v2\/posts\/18181","targetHints":{"allow":["GET"]}}],"collection":[{"href":"https:\/\/svil.constantinianorder.com\/es\/wp-json\/wp\/v2\/posts"}],"about":[{"href":"https:\/\/svil.constantinianorder.com\/es\/wp-json\/wp\/v2\/types\/post"}],"author":[{"embeddable":true,"href":"https:\/\/svil.constantinianorder.com\/es\/wp-json\/wp\/v2\/users\/1"}],"replies":[{"embeddable":true,"href":"https:\/\/svil.constantinianorder.com\/es\/wp-json\/wp\/v2\/comments?post=18181"}],"version-history":[{"count":1,"href":"https:\/\/svil.constantinianorder.com\/es\/wp-json\/wp\/v2\/posts\/18181\/revisions"}],"predecessor-version":[{"id":59953,"href":"https:\/\/svil.constantinianorder.com\/es\/wp-json\/wp\/v2\/posts\/18181\/revisions\/59953"}],"wp:attachment":[{"href":"https:\/\/svil.constantinianorder.com\/es\/wp-json\/wp\/v2\/media?parent=18181"}],"wp:term":[{"taxonomy":"category","embeddable":true,"href":"https:\/\/svil.constantinianorder.com\/es\/wp-json\/wp\/v2\/categories?post=18181"},{"taxonomy":"post_tag","embeddable":true,"href":"https:\/\/svil.constantinianorder.com\/es\/wp-json\/wp\/v2\/tags?post=18181"}],"curies":[{"name":"wp","href":"https:\/\/api.w.org\/{rel}","templated":true}]}}