{"id":18343,"date":"2015-01-31T11:09:45","date_gmt":"2015-01-31T11:09:45","guid":{"rendered":"http:\/\/www.constantinianorder.net\/?p=18343"},"modified":"2026-01-16T15:56:31","modified_gmt":"2026-01-16T15:56:31","slug":"la-asamblea-de-caballeros-y-damas-de-la-delegacion-de-napoles-y-campana","status":"publish","type":"post","link":"https:\/\/svil.constantinianorder.com\/es\/la-asamblea-de-caballeros-y-damas-de-la-delegacion-de-napoles-y-campana\/","title":{"rendered":"La Asamblea de Caballeros y Damas de la Delegaci\u00f3n de Campa\u00f1a"},"content":{"rendered":"<p><strong><a href=\"http:\/\/www.constantinianorder.net\/wp-content\/uploads\/2015\/02\/DSC_0208-600x450.jpg\"><img loading=\"lazy\" decoding=\"async\" class=\"alignleft wp-image-17775\" src=\"http:\/\/www.constantinianorder.net\/wp-content\/uploads\/2015\/02\/DSC_0208-600x450-500x375.jpg\" alt=\"DSC_0208-600x450\" width=\"210\" height=\"157\" \/><\/a><\/strong><\/p>\n<p><strong>N\u00e1poles &#8211; S\u00e1bado 31 de enero 2015 \u2013 <\/strong>Tamnbi\u00e9n este a\u00f1o se ha desarrollado la Asamblea de los Caballeros y las Damas de la Delegaci\u00f3n de Campa\u00f1a del Sacro Orden Militar Constantiniano de San Jorge. Estaban presentes, entre stros \u2013 adem\u00e1s de los miembros del Consejo Giulio del Vaglio, Carlo Guardascione, Donatella y Valeria Pessetti, Raimondo Zampaglione y los Consejeros ad acta Diego Napolitano y Giulio Rolando \u2013 Januaria Imperiali di Francavillla, Marco Crisconio, Fulvia Filangieri de\u2019Candida Gonzaga, Antonio Mottola di Amato, Maurizio Scoppa, Luciana de Luca, Francesco y Adelaide Giusso del Galdo, Vincenzo Scarano Ussani, Diego Vivarelli von Lobstein, Eugenio Donadoni, Emiddio de Franciscis, Diego Boscarelli, Pasquale Manzo, Pasquale de Angelis, Giovanni Salemi y muchos m\u00e1s.<\/p>\n<p>A la breve pero nutrida conferencia del Delegado Pierluigi Sanfelice di Bagnoli a proseguido un vivaz debate, del cu\u00e1l han mergido al gunas propuestas interesantes:<\/p>\n<p>Paola Rolando ha tomado la palabra al inizio y ha ilustrado la voluntad de algunas damas y amigas del Orden de mantener, en las salas de la Bas\u00edlica de San Francesco de Paola, encuentros cada dos semanas de tres horas (de las 15.30 a las 18.30) con ni\u00f1os de los seis a los diez a\u00f1os, hijos di migrantes; el ciclo, del t\u00edtulo emblem\u00e1tico \u201cEncontrarse para crecer juntos\u201d que profundizar\u00e1 el conocimiento del idioma italiano, de la educaci\u00f3n c\u00edvica y, por que no, del placer del juego.<\/p>\n<p>Luigi Andreozzi, posteriormente, ha propuesto la instituci\u00f3n de un servicio ulterior, despu\u00e9s de la cl\u00ednica ideada por \u00e9l en el 2011: ha enfrentado la \u201ccuesti\u00f3n trabajo\u201d imaginando una especie de \u201cventanilla\u201d que hiciera de punto de encuentro entre la oferta y la demanda de trabajo en el \u00e1mbito Constantiniano (se piensa a los empleos como cuidadora, chofer, dama de compa\u00f1\u00eda, portero, encargado de seguridad personal).<\/p>\n<p>Giuliano Capecelatro di Morrone por el contraio ha propuesto un \u201cDepartamento Cultural\u201d que pudi\u00e9se participar a los eventos que se programan en la ciudad para recuperar a\u00fan mas las tradiciones culturales de N\u00e1poles.<\/p>\n<p>El Sindaco de Ciorlano Mauro Di Stefano ha anunciado, un concurso literario para programarlo en las escuelas para despertar la conscienza igualmente en los peque\u00f1os pueblos colidantes entre Campa\u00f1a y Molise.<\/p>\n<p>El Muy Reverendo Don Luigi Castiello ha sobretodo deseado que la Delegaci\u00f3n logre difundirse constantemente en la totalidad de la Campa\u00f1a, y despu\u00e9s ha anunciado la realizaci\u00f3n de cuatro conciertos, que se tendr\u00e1n en nombre del Orden el 30 de marzo, el 30 de junio, el 30 septiembre y el 30 diciembre en el complejo de los Gerolamini.<\/p>\n<p>Pio Tartaglia ha querido evidenciar cuanto sea importante que exista siempre un mayor conocimiento y una mayor interconexi\u00f3n entre los Caballeros de la Delegaci\u00f3n, inclusive atrav\u00e9s de momentos y ocasiones de congregaci\u00f3n.<\/p>\n<p>Flavia Fumo por \u00faltimo ha propuesto el Instituto de Cultura Meridional de v\u00eda Chiatamone para ser la sede de las actividades de la Delegaci\u00f3n Constantiniana, obteniendo el aval inmediato de su Presidente Gennaro Famiglietti, que se encontraba tambi\u00e9n presente en San Francisco de Paola.<\/p>\n<p><strong>\u00a0<\/strong><\/p>\n<p><!--more--><\/p>\n<p><a href=\"http:\/\/www.constantinianorder.net\/wp-content\/uploads\/2015\/02\/DSC_0262-600x450.jpg\"><img loading=\"lazy\" decoding=\"async\" class=\"alignnone size-medium wp-image-17777\" src=\"http:\/\/www.constantinianorder.net\/wp-content\/uploads\/2015\/02\/DSC_0262-600x450-500x375.jpg\" alt=\"DSC_0262-600x450\" width=\"500\" height=\"375\" \/><\/a> <a href=\"http:\/\/www.constantinianorder.net\/wp-content\/uploads\/2015\/02\/DSC_0258-600x450.jpg\"><img loading=\"lazy\" decoding=\"async\" class=\"alignnone size-medium wp-image-17776\" src=\"http:\/\/www.constantinianorder.net\/wp-content\/uploads\/2015\/02\/DSC_0258-600x450-500x375.jpg\" alt=\"DSC_0258-600x450\" width=\"500\" height=\"375\" \/><\/a> <a href=\"http:\/\/www.constantinianorder.net\/wp-content\/uploads\/2015\/02\/DSC_0208-600x450.jpg\"><img loading=\"lazy\" decoding=\"async\" class=\"alignnone size-medium wp-image-17775\" src=\"http:\/\/www.constantinianorder.net\/wp-content\/uploads\/2015\/02\/DSC_0208-600x450-500x375.jpg\" alt=\"DSC_0208-600x450\" width=\"500\" height=\"375\" \/><\/a> <a href=\"http:\/\/www.constantinianorder.net\/wp-content\/uploads\/2015\/02\/DSC_0206-600x450.jpg\"><img loading=\"lazy\" decoding=\"async\" class=\"alignnone size-medium wp-image-17774\" src=\"http:\/\/www.constantinianorder.net\/wp-content\/uploads\/2015\/02\/DSC_0206-600x450-500x375.jpg\" alt=\"DSC_0206-600x450\" width=\"500\" height=\"375\" \/><\/a><\/p>\n","protected":false},"excerpt":{"rendered":"<p>N\u00e1poles &#8211; S\u00e1bado 31 de enero 2015 \u2013 Tamnbi\u00e9n este a\u00f1o se ha desarrollado la Asamblea de los Caballeros y las Damas de la Delegaci\u00f3n de Campa\u00f1a del Sacro Orden Militar Constantiniano de San Jorge. Estaban presentes, entre stros \u2013 adem\u00e1s de los miembros del Consejo Giulio del Vaglio, Carlo Guardascione, Donatella y Valeria Pessetti, [&hellip;]<\/p>\n","protected":false},"author":1,"featured_media":0,"comment_status":"closed","ping_status":"open","sticky":false,"template":"","format":"standard","meta":{"footnotes":""},"categories":[183],"tags":[],"class_list":["post-18343","post","type-post","status-publish","format-standard","hentry","category-delegacion-de-campania"],"_links":{"self":[{"href":"https:\/\/svil.constantinianorder.com\/es\/wp-json\/wp\/v2\/posts\/18343","targetHints":{"allow":["GET"]}}],"collection":[{"href":"https:\/\/svil.constantinianorder.com\/es\/wp-json\/wp\/v2\/posts"}],"about":[{"href":"https:\/\/svil.constantinianorder.com\/es\/wp-json\/wp\/v2\/types\/post"}],"author":[{"embeddable":true,"href":"https:\/\/svil.constantinianorder.com\/es\/wp-json\/wp\/v2\/users\/1"}],"replies":[{"embeddable":true,"href":"https:\/\/svil.constantinianorder.com\/es\/wp-json\/wp\/v2\/comments?post=18343"}],"version-history":[{"count":1,"href":"https:\/\/svil.constantinianorder.com\/es\/wp-json\/wp\/v2\/posts\/18343\/revisions"}],"predecessor-version":[{"id":60070,"href":"https:\/\/svil.constantinianorder.com\/es\/wp-json\/wp\/v2\/posts\/18343\/revisions\/60070"}],"wp:attachment":[{"href":"https:\/\/svil.constantinianorder.com\/es\/wp-json\/wp\/v2\/media?parent=18343"}],"wp:term":[{"taxonomy":"category","embeddable":true,"href":"https:\/\/svil.constantinianorder.com\/es\/wp-json\/wp\/v2\/categories?post=18343"},{"taxonomy":"post_tag","embeddable":true,"href":"https:\/\/svil.constantinianorder.com\/es\/wp-json\/wp\/v2\/tags?post=18343"}],"curies":[{"name":"wp","href":"https:\/\/api.w.org\/{rel}","templated":true}]}}