{"id":18476,"date":"2015-03-01T13:08:55","date_gmt":"2015-03-01T13:08:55","guid":{"rendered":"http:\/\/www.constantinianorder.net\/?p=18476"},"modified":"2026-01-16T15:57:17","modified_gmt":"2026-01-16T15:57:17","slug":"delegacion-de-napoles-y-campana-mision-humanitaria-en-libano","status":"publish","type":"post","link":"https:\/\/svil.constantinianorder.com\/es\/delegacion-de-napoles-y-campana-mision-humanitaria-en-libano\/","title":{"rendered":"DELEGACI\u00d3N DE N\u00c1POLES Y CAMPA\u00d1A: MISI\u00d3N HUMANITARIA EN L\u00cdBANO"},"content":{"rendered":"<p><strong><a href=\"http:\/\/www.constantinianorder.net\/wp-content\/uploads\/2015\/03\/videoconferenza-Missione-Libano-al-Reggimento-Guide-di-Salerno-24-febbraio-2.jpg\"><img loading=\"lazy\" decoding=\"async\" class=\"alignleft wp-image-18288\" src=\"http:\/\/www.constantinianorder.net\/wp-content\/uploads\/2015\/03\/videoconferenza-Missione-Libano-al-Reggimento-Guide-di-Salerno-24-febbraio-2-500x375.jpg\" alt=\"videoconferenza Missione Libano al Reggimento Guide di Salerno 24 febbraio 2\" width=\"223\" height=\"167\" \/><\/a><\/strong><\/p>\n<p><strong>Del 28 de febrero al 5 de marzo 2015,<\/strong> nuestro Delegado el Marqu\u00e9s Pierluigi Sanfelice di Bagnoli, acompa\u00f1ado por Giuseppe D\u2019Amico Caballero al M\u00e9rito con Distintivo, por Luca Toni y por el Brigadier Stefano Caldato, ben\u00e9meritos del nuestro Orden, partieron hacia L\u00edbano con un convoy humanitario para socorrer a la poblaci\u00f3n local. La Misi\u00f3n es parte del esp\u00edritu y de los objetivos que se ha fijado la Delegaci\u00f3n poniendo en pr\u00e1tica, la voluntad del Gran Maestro S.A.R. el Pr\u00edncipe Carlos de Borb\u00f3n de las Dos Sicilias Duque de Castro.<\/p>\n<p>El pasado lunes 23 de febrero 2015 a las 11 horas, la Delegaci\u00f3n de N\u00e1poles y Campa\u00f1a del Sacro Orden Militar Constantiniano de San Jorge ha sido recibida en el Regimiento L\u00edder de Caballer\u00eda (19\u00b0) en Salerno, espec\u00edficamente en vista de la inminente partida para L\u00edbano, para la Misi\u00f3n Humanitaria organizada por el Cuerpo de Socorro de la Delegaci\u00f3n y particularmente por el Caballero Paolo Gorga.<\/p>\n<p>El Delegado Marqu\u00e9s Pierluigi Sanfelice di Bagnoli y los miembros Delegaci\u00f3n Giulio Del Vaglio, Valeria y Donatella Pessetti, han sido recibidos por el Comandante Coronel Mario Carusi Abbamonte, as\u00ed como por el Teniente Coronel Gianrico Spinelli, por el Teniente Coronel Carlo De Martino y por el Capell\u00e1n Militar Don Claudio Mancusi, Caballero Eclesi\u00e1stico de Gracia del Orden Constantiniano, as\u00ed como de otros oficiales del Regimiento.<\/p>\n<p>Presentes: el arquitecto Gianfranco Ciccariello, Presidente del Consejo Municipal de Centola, y el Teniente de Buque Fabio D\u2019Amato en representaci\u00f3n del Comandante de la Capitaner\u00eda del Puerto de Salerno Gaetano Angora.<\/p>\n<p>El encuentro ha sido particularmente emocionante y tambi\u00e9n ha sido efectuado un colegamento por skype con el Coronel Angelo Malizia, Comandante del Regimiento, que ha comunicado el programa previsto durante la Misi\u00f3n Humanitaria:<\/p>\n<p>El domingo 1\u00b0 de marzo nuestra Delegaci\u00f3n, lleg\u00f3 inicialmente a Beirut, fu\u00e9 recibida con euf\u00f3ricos sentimientos de amistad por el Comandante de la Base General Delegado Coronel y de su staff.<\/p>\n<p>Por la tarde la partida hacia Tibnin \u2013 acompa\u00f1ados por el General &#8211; para tomar parte a la Santa Misa oficiada, con motivo de la visita de nuestra Delegaci\u00f3n en la iglesia de San Jorge de Tibnin, a cerca 70 kil\u00f3metros de Shama, celebrada por Su Excelencia Monse\u00f1or Mikhael Abrass, Arzobispo de Metropolitano greco cat\u00f3lico de Tiro, y concelebrada por el p\u00e1rroco de la iglesia de San Jorge Don Said Antojios, en los dos idiomas italiano y liban\u00e9s.<\/p>\n<p>Antes de la noche una degustaci\u00f3n de productos locales ha firmado el agradecimiento de aquel pueblo por la iniciativa ben\u00e9fica de la Delegaci\u00f3n de N\u00e1poles y Campa\u00f1a del Sacro Orden Militar Constantiniano de San Jorge. En \u00e9sta ocasi\u00f3n nuestro Delegado el Marqu\u00e9s Pierluigi Sanfelice ha afirmado la voluntad de dar continuidad a las relaciones de la Delegaci\u00f3n con L\u00edbano.<\/p>\n<p>Por la noche, el regreso a la base de Shama para la conferencia con el General Dal Col.<\/p>\n<p>&nbsp;<\/p>\n<p><strong>\u00a0<\/strong><\/p>\n<p><!--more--><\/p>\n<p><a href=\"http:\/\/www.constantinianorder.net\/wp-content\/uploads\/2015\/03\/partenza-per-la-missione-in-Libano-1.jpg\"><img loading=\"lazy\" decoding=\"async\" class=\"alignnone size-medium wp-image-18285\" src=\"http:\/\/www.constantinianorder.net\/wp-content\/uploads\/2015\/03\/partenza-per-la-missione-in-Libano-1-500x375.jpg\" alt=\"partenza per la missione in Libano 1\" width=\"500\" height=\"375\" \/><\/a> <a href=\"http:\/\/www.constantinianorder.net\/wp-content\/uploads\/2015\/03\/partenza-per-la-missione-in-Libano-3.jpg\"><img loading=\"lazy\" decoding=\"async\" class=\"alignnone size-medium wp-image-18286\" src=\"http:\/\/www.constantinianorder.net\/wp-content\/uploads\/2015\/03\/partenza-per-la-missione-in-Libano-3-500x383.jpg\" alt=\"partenza per la missione in Libano 3\" width=\"500\" height=\"383\" \/><\/a> <a href=\"http:\/\/www.constantinianorder.net\/wp-content\/uploads\/2015\/03\/videoconferenza-Missione-Libano-24-febbraio-1.jpg\"><img loading=\"lazy\" decoding=\"async\" class=\"alignnone size-medium wp-image-18287\" src=\"http:\/\/www.constantinianorder.net\/wp-content\/uploads\/2015\/03\/videoconferenza-Missione-Libano-24-febbraio-1-500x281.jpg\" alt=\"videoconferenza Missione Libano 24 febbraio 1\" width=\"500\" height=\"281\" \/><\/a> <a href=\"http:\/\/www.constantinianorder.net\/wp-content\/uploads\/2015\/03\/videoconferenza-Missione-Libano-al-Reggimento-Guide-di-Salerno-24-febbraio-2.jpg\"><img loading=\"lazy\" decoding=\"async\" class=\"alignnone size-medium wp-image-18288\" src=\"http:\/\/www.constantinianorder.net\/wp-content\/uploads\/2015\/03\/videoconferenza-Missione-Libano-al-Reggimento-Guide-di-Salerno-24-febbraio-2-500x375.jpg\" alt=\"videoconferenza Missione Libano al Reggimento Guide di Salerno 24 febbraio 2\" width=\"500\" height=\"375\" \/><\/a> <a href=\"http:\/\/www.constantinianorder.net\/wp-content\/uploads\/2015\/03\/videoconferenza-Missione-Libano-al-Reggimento-Guide-di-Salerno-24-febbraio-3.jpg\"><img loading=\"lazy\" decoding=\"async\" class=\"alignnone size-medium wp-image-18289\" src=\"http:\/\/www.constantinianorder.net\/wp-content\/uploads\/2015\/03\/videoconferenza-Missione-Libano-al-Reggimento-Guide-di-Salerno-24-febbraio-3-500x281.jpg\" alt=\"videoconferenza Missione Libano al Reggimento Guide di Salerno 24 febbraio 3\" width=\"500\" height=\"281\" \/><\/a><\/p>\n<p>&nbsp;<\/p>\n<p>&nbsp;<\/p>\n","protected":false},"excerpt":{"rendered":"<p>Del 28 de febrero al 5 de marzo 2015, nuestro Delegado el Marqu\u00e9s Pierluigi Sanfelice di Bagnoli, acompa\u00f1ado por Giuseppe D\u2019Amico Caballero al M\u00e9rito con Distintivo, por Luca Toni y por el Brigadier Stefano Caldato, ben\u00e9meritos del nuestro Orden, partieron hacia L\u00edbano con un convoy humanitario para socorrer a la poblaci\u00f3n local. La Misi\u00f3n es [&hellip;]<\/p>\n","protected":false},"author":1,"featured_media":0,"comment_status":"closed","ping_status":"open","sticky":false,"template":"","format":"standard","meta":{"footnotes":""},"categories":[183],"tags":[],"class_list":["post-18476","post","type-post","status-publish","format-standard","hentry","category-delegacion-de-campania"],"_links":{"self":[{"href":"https:\/\/svil.constantinianorder.com\/es\/wp-json\/wp\/v2\/posts\/18476","targetHints":{"allow":["GET"]}}],"collection":[{"href":"https:\/\/svil.constantinianorder.com\/es\/wp-json\/wp\/v2\/posts"}],"about":[{"href":"https:\/\/svil.constantinianorder.com\/es\/wp-json\/wp\/v2\/types\/post"}],"author":[{"embeddable":true,"href":"https:\/\/svil.constantinianorder.com\/es\/wp-json\/wp\/v2\/users\/1"}],"replies":[{"embeddable":true,"href":"https:\/\/svil.constantinianorder.com\/es\/wp-json\/wp\/v2\/comments?post=18476"}],"version-history":[{"count":1,"href":"https:\/\/svil.constantinianorder.com\/es\/wp-json\/wp\/v2\/posts\/18476\/revisions"}],"predecessor-version":[{"id":60173,"href":"https:\/\/svil.constantinianorder.com\/es\/wp-json\/wp\/v2\/posts\/18476\/revisions\/60173"}],"wp:attachment":[{"href":"https:\/\/svil.constantinianorder.com\/es\/wp-json\/wp\/v2\/media?parent=18476"}],"wp:term":[{"taxonomy":"category","embeddable":true,"href":"https:\/\/svil.constantinianorder.com\/es\/wp-json\/wp\/v2\/categories?post=18476"},{"taxonomy":"post_tag","embeddable":true,"href":"https:\/\/svil.constantinianorder.com\/es\/wp-json\/wp\/v2\/tags?post=18476"}],"curies":[{"name":"wp","href":"https:\/\/api.w.org\/{rel}","templated":true}]}}