{"id":19142,"date":"2015-07-16T10:29:30","date_gmt":"2015-07-16T10:29:30","guid":{"rendered":"http:\/\/www.constantinianorder.net\/?p=19142"},"modified":"2026-01-16T16:06:31","modified_gmt":"2026-01-16T16:06:31","slug":"nombramientos-para-las-representaciones-de-venecia-y-de-padua","status":"publish","type":"post","link":"https:\/\/svil.constantinianorder.com\/es\/nombramientos-para-las-representaciones-de-venecia-y-de-padua\/","title":{"rendered":"NOMBRAMIENTOS PARA LAS REPRESENTACIONES DE VENECIA Y DE PADUA"},"content":{"rendered":"<p><strong>Roma \u2013 16 de\u00a0julio 2015. <\/strong>S.A.R. el Gran Maestre \u00a0ha dado su aprobaci\u00f3n para los nombramientos del Representante de Venecia en la persona del Caballero de M\u00e9rito Dr. Aldo Benedetto Tagliapietra y del Representante de Padua en la persona del Comendador de M\u00e9rito con Distintivo Dr. Stefano Gallo, dispuestas por el Delegado Vicario del Triveneto Comm. Giorgio Miccoli.<\/p>\n","protected":false},"excerpt":{"rendered":"<p>Roma \u2013 16 de\u00a0julio 2015. S.A.R. el Gran Maestre \u00a0ha dado su aprobaci\u00f3n para los nombramientos del Representante de Venecia en la persona del Caballero de M\u00e9rito Dr. Aldo Benedetto Tagliapietra y del Representante de Padua en la persona del Comendador de M\u00e9rito con Distintivo Dr. Stefano Gallo, dispuestas por el Delegado Vicario del Triveneto [&hellip;]<\/p>\n","protected":false},"author":1,"featured_media":0,"comment_status":"closed","ping_status":"open","sticky":false,"template":"","format":"standard","meta":{"footnotes":""},"categories":[187],"tags":[],"class_list":["post-19142","post","type-post","status-publish","format-standard","hentry","category-comunicados-del-gran-magisterio"],"_links":{"self":[{"href":"https:\/\/svil.constantinianorder.com\/es\/wp-json\/wp\/v2\/posts\/19142","targetHints":{"allow":["GET"]}}],"collection":[{"href":"https:\/\/svil.constantinianorder.com\/es\/wp-json\/wp\/v2\/posts"}],"about":[{"href":"https:\/\/svil.constantinianorder.com\/es\/wp-json\/wp\/v2\/types\/post"}],"author":[{"embeddable":true,"href":"https:\/\/svil.constantinianorder.com\/es\/wp-json\/wp\/v2\/users\/1"}],"replies":[{"embeddable":true,"href":"https:\/\/svil.constantinianorder.com\/es\/wp-json\/wp\/v2\/comments?post=19142"}],"version-history":[{"count":1,"href":"https:\/\/svil.constantinianorder.com\/es\/wp-json\/wp\/v2\/posts\/19142\/revisions"}],"predecessor-version":[{"id":60468,"href":"https:\/\/svil.constantinianorder.com\/es\/wp-json\/wp\/v2\/posts\/19142\/revisions\/60468"}],"wp:attachment":[{"href":"https:\/\/svil.constantinianorder.com\/es\/wp-json\/wp\/v2\/media?parent=19142"}],"wp:term":[{"taxonomy":"category","embeddable":true,"href":"https:\/\/svil.constantinianorder.com\/es\/wp-json\/wp\/v2\/categories?post=19142"},{"taxonomy":"post_tag","embeddable":true,"href":"https:\/\/svil.constantinianorder.com\/es\/wp-json\/wp\/v2\/tags?post=19142"}],"curies":[{"name":"wp","href":"https:\/\/api.w.org\/{rel}","templated":true}]}}