{"id":19277,"date":"2015-05-10T16:30:51","date_gmt":"2015-05-10T16:30:51","guid":{"rendered":"http:\/\/www.constantinianorder.net\/?p=19277"},"modified":"2026-01-16T16:02:31","modified_gmt":"2026-01-16T16:02:31","slug":"festejos-por-la-solemnidad-de-sn-francisco-de-paula","status":"publish","type":"post","link":"https:\/\/svil.constantinianorder.com\/es\/festejos-por-la-solemnidad-de-sn-francisco-de-paula\/","title":{"rendered":"FESTEJOS POR LA SOLEMNIDAD DE SN. FRANCISCO DE PAULA"},"content":{"rendered":"<p><strong><img loading=\"lazy\" decoding=\"async\" class=\"alignleft\" src=\"http:\/\/www.constantinianorder.net\/wp-content\/uploads\/2015\/05\/13-500x329.jpg\" alt=\"13\" width=\"195\" height=\"128\" \/><\/strong><\/p>\n<p><strong>Palermo \u2013 domingo 10 de Mayo <\/strong>&#8211; El Padre Provincial de los frailes m\u00ednimos, padre Damiano La Rosa, Prior de la Delegaci\u00f3n de Campania, ha celebrado la Sta. Misa en honor de Sn. Francisco de Paula, solemnidad muy emotiva para los palermitanos. Han concelebrado el p\u00e1rroco y el vice provincial padre Saverio Cento, padre Giorgio Terrasi, padre Antonio Porretta, los capellanes constantinianos y el padre Mario D\u2019Auria.<\/p>\n<p>A las 17.30 horas inici\u00f3 la procesi\u00f3n con la estatua plateada del Santo por las v\u00edas de la ciudad. El simulacro del Santo, que lleva en el cuello el Tois\u00f3n de Oro donado da S.M. el Rey Carlos del XVIII siglo, como protector del Reino de las Dos Sicilias, despu\u00e9s de haberse dirigido a el puerto de Palermo, en d\u00f3nde ha sido recibido con el sonido de las sirenas de las naves \u00a0ancladas, hiz\u00f3 su regreso a la iglesia alrededor de medianoche.<\/p>\n<p>Antes de la conclusi\u00f3n de las ceremonias, el Delegado Vicario de Sicilia ha entregado a el padre Damiano La Rosa la medalla por el 280 aniversario de la coronaci\u00f3n de Carlos de Borb\u00f3n Rey de las Dos Sicilias.<\/p>\n<p><strong>\u00a0<\/strong><\/p>\n<p><!--more--><\/p>\n<p>&nbsp;<\/p>\n<p><a href=\"http:\/\/www.constantinianorder.net\/wp-content\/uploads\/2015\/05\/2.jpg\"><img loading=\"lazy\" decoding=\"async\" class=\"alignnone size-medium wp-image-18896\" src=\"http:\/\/www.constantinianorder.net\/wp-content\/uploads\/2015\/05\/2-500x333.jpg\" alt=\"2\" width=\"500\" height=\"333\" \/><\/a> <a href=\"http:\/\/www.constantinianorder.net\/wp-content\/uploads\/2015\/05\/13.jpg\"><img loading=\"lazy\" decoding=\"async\" class=\"alignnone size-medium wp-image-18897\" src=\"http:\/\/www.constantinianorder.net\/wp-content\/uploads\/2015\/05\/13-500x329.jpg\" alt=\"13\" width=\"500\" height=\"329\" \/><\/a> <a href=\"http:\/\/www.constantinianorder.net\/wp-content\/uploads\/2015\/05\/5.jpg\"><img loading=\"lazy\" decoding=\"async\" class=\"alignnone size-medium wp-image-18898\" src=\"http:\/\/www.constantinianorder.net\/wp-content\/uploads\/2015\/05\/5-333x500.jpg\" alt=\"5\" width=\"333\" height=\"500\" \/><\/a> <a href=\"http:\/\/www.constantinianorder.net\/wp-content\/uploads\/2015\/05\/8-bis.jpeg\"><img loading=\"lazy\" decoding=\"async\" class=\"alignnone size-medium wp-image-18899\" src=\"http:\/\/www.constantinianorder.net\/wp-content\/uploads\/2015\/05\/8-bis-500x334.jpeg\" alt=\"8 bis\" width=\"500\" height=\"334\" \/><\/a><\/p>\n","protected":false},"excerpt":{"rendered":"<p>Palermo \u2013 domingo 10 de Mayo &#8211; El Padre Provincial de los frailes m\u00ednimos, padre Damiano La Rosa, Prior de la Delegaci\u00f3n de Campania, ha celebrado la Sta. Misa en honor de Sn. Francisco de Paula, solemnidad muy emotiva para los palermitanos. Han concelebrado el p\u00e1rroco y el vice provincial padre Saverio Cento, padre Giorgio [&hellip;]<\/p>\n","protected":false},"author":1,"featured_media":0,"comment_status":"closed","ping_status":"open","sticky":false,"template":"","format":"standard","meta":{"footnotes":""},"categories":[167],"tags":[],"class_list":["post-19277","post","type-post","status-publish","format-standard","hentry","category-delegacion-de-la-sicilia"],"_links":{"self":[{"href":"https:\/\/svil.constantinianorder.com\/es\/wp-json\/wp\/v2\/posts\/19277","targetHints":{"allow":["GET"]}}],"collection":[{"href":"https:\/\/svil.constantinianorder.com\/es\/wp-json\/wp\/v2\/posts"}],"about":[{"href":"https:\/\/svil.constantinianorder.com\/es\/wp-json\/wp\/v2\/types\/post"}],"author":[{"embeddable":true,"href":"https:\/\/svil.constantinianorder.com\/es\/wp-json\/wp\/v2\/users\/1"}],"replies":[{"embeddable":true,"href":"https:\/\/svil.constantinianorder.com\/es\/wp-json\/wp\/v2\/comments?post=19277"}],"version-history":[{"count":1,"href":"https:\/\/svil.constantinianorder.com\/es\/wp-json\/wp\/v2\/posts\/19277\/revisions"}],"predecessor-version":[{"id":60339,"href":"https:\/\/svil.constantinianorder.com\/es\/wp-json\/wp\/v2\/posts\/19277\/revisions\/60339"}],"wp:attachment":[{"href":"https:\/\/svil.constantinianorder.com\/es\/wp-json\/wp\/v2\/media?parent=19277"}],"wp:term":[{"taxonomy":"category","embeddable":true,"href":"https:\/\/svil.constantinianorder.com\/es\/wp-json\/wp\/v2\/categories?post=19277"},{"taxonomy":"post_tag","embeddable":true,"href":"https:\/\/svil.constantinianorder.com\/es\/wp-json\/wp\/v2\/tags?post=19277"}],"curies":[{"name":"wp","href":"https:\/\/api.w.org\/{rel}","templated":true}]}}