{"id":19280,"date":"2015-05-22T20:09:33","date_gmt":"2015-05-22T20:09:33","guid":{"rendered":"http:\/\/www.constantinianorder.net\/?p=19280"},"modified":"2026-01-16T16:02:36","modified_gmt":"2026-01-16T16:02:36","slug":"festejos-para-sta-julia-en-livorno","status":"publish","type":"post","link":"https:\/\/svil.constantinianorder.com\/es\/festejos-para-sta-julia-en-livorno\/","title":{"rendered":"FESTEJOS PARA STA. JULIA EN LIVORNO"},"content":{"rendered":"<p><strong><em><a href=\"http:\/\/www.constantinianorder.net\/wp-content\/uploads\/2015\/05\/IMG_2348.jpg\"><img loading=\"lazy\" decoding=\"async\" class=\"alignleft wp-image-18911\" src=\"http:\/\/www.constantinianorder.net\/wp-content\/uploads\/2015\/05\/IMG_2389-500x375.jpg\" alt=\"IMG_2389\" width=\"203\" height=\"152\" \/><\/a><\/em><\/strong><\/p>\n<p><strong><em>Livorno, 22 de mayo 2015. <\/em><\/strong>La Delegaci\u00f3n Toscana, guiada por el Delegado Vicario Com.or. Eduardo Puccetti, y con motivo de los festejos de Santa Julia, Patrona de Livorno, ha sido invitado por S.E. Rev.ma Mons. Simone Giusti, Obispo de Livorno y Com.or de Gracia Eclesi\u00e1stico del Sacro Orden Militar de Sn. Jorge, a la Solemne Pontifical y a la procesi\u00f3n por las v\u00edas con las reliquias de la Santa.<\/p>\n<p>Hu\u00e9sped de la ceremonia, ha sido el Delegado Vicario de Sicilia, Caballero de la Gran Cruz de Gracia, el Noble Dr. Antonio Di Janni.<\/p>\n<p>Al final de la celebraci\u00f3n el neo Rector de la Catedral de Livorno Don Donato Mollica, Capell\u00e1n Constantiniano, ha presentado a Mons. Simone Giusti Obispo dr Livorno, a el Delegado Vicario de Sicilia, el cu\u00e1l ha representado los apreciad\u00edsimos saludos del Prior Constantiniano de Sicilia Mons. Michele Pennisi Arzobispo de Monreal. Este a\u00f1o el Obispo ha guiado la procesi\u00f3n hasta el puerto en d\u00f3nde ha bendecido el mar y ha orado por la patrona de forma tal que interceda por regresar a trav\u00e9s del mar dignidad y trabajo a las familias necesidad. En la procesi\u00f3n estaban presentes de igual forma representantes del Soberano Militare Orden de Malta y del Orden del Santo Sepulcro.<\/p>\n<p>&nbsp;<\/p>\n<p><!--more--><a href=\"http:\/\/www.constantinianorder.net\/wp-content\/uploads\/2015\/05\/IMG_2337.jpg\"><img loading=\"lazy\" decoding=\"async\" class=\"alignnone size-medium wp-image-18909\" src=\"http:\/\/www.constantinianorder.net\/wp-content\/uploads\/2015\/05\/IMG_2337-399x500.jpg\" alt=\"IMG_2337\" width=\"399\" height=\"500\" \/><\/a> <a href=\"http:\/\/www.constantinianorder.net\/wp-content\/uploads\/2015\/05\/IMG_2348.jpg\"><img loading=\"lazy\" decoding=\"async\" class=\"alignnone size-medium wp-image-18910\" src=\"http:\/\/www.constantinianorder.net\/wp-content\/uploads\/2015\/05\/IMG_2348-500x375.jpg\" alt=\"IMG_2348\" width=\"500\" height=\"375\" \/><\/a>\u00a0\u00a0<a href=\"http:\/\/www.constantinianorder.net\/wp-content\/uploads\/2015\/05\/IMG_2332.jpg\"><img loading=\"lazy\" decoding=\"async\" class=\"alignnone size-medium wp-image-18912\" src=\"http:\/\/www.constantinianorder.net\/wp-content\/uploads\/2015\/05\/IMG_2332-500x375.jpg\" alt=\"IMG_2332\" width=\"500\" height=\"375\" \/><\/a><\/p>\n","protected":false},"excerpt":{"rendered":"<p>Livorno, 22 de mayo 2015. La Delegaci\u00f3n Toscana, guiada por el Delegado Vicario Com.or. Eduardo Puccetti, y con motivo de los festejos de Santa Julia, Patrona de Livorno, ha sido invitado por S.E. Rev.ma Mons. Simone Giusti, Obispo de Livorno y Com.or de Gracia Eclesi\u00e1stico del Sacro Orden Militar de Sn. Jorge, a la Solemne [&hellip;]<\/p>\n","protected":false},"author":1,"featured_media":0,"comment_status":"closed","ping_status":"open","sticky":false,"template":"","format":"standard","meta":{"footnotes":""},"categories":[171],"tags":[],"class_list":["post-19280","post","type-post","status-publish","format-standard","hentry","category-delegacion-de-la-toscana"],"_links":{"self":[{"href":"https:\/\/svil.constantinianorder.com\/es\/wp-json\/wp\/v2\/posts\/19280","targetHints":{"allow":["GET"]}}],"collection":[{"href":"https:\/\/svil.constantinianorder.com\/es\/wp-json\/wp\/v2\/posts"}],"about":[{"href":"https:\/\/svil.constantinianorder.com\/es\/wp-json\/wp\/v2\/types\/post"}],"author":[{"embeddable":true,"href":"https:\/\/svil.constantinianorder.com\/es\/wp-json\/wp\/v2\/users\/1"}],"replies":[{"embeddable":true,"href":"https:\/\/svil.constantinianorder.com\/es\/wp-json\/wp\/v2\/comments?post=19280"}],"version-history":[{"count":1,"href":"https:\/\/svil.constantinianorder.com\/es\/wp-json\/wp\/v2\/posts\/19280\/revisions"}],"predecessor-version":[{"id":60350,"href":"https:\/\/svil.constantinianorder.com\/es\/wp-json\/wp\/v2\/posts\/19280\/revisions\/60350"}],"wp:attachment":[{"href":"https:\/\/svil.constantinianorder.com\/es\/wp-json\/wp\/v2\/media?parent=19280"}],"wp:term":[{"taxonomy":"category","embeddable":true,"href":"https:\/\/svil.constantinianorder.com\/es\/wp-json\/wp\/v2\/categories?post=19280"},{"taxonomy":"post_tag","embeddable":true,"href":"https:\/\/svil.constantinianorder.com\/es\/wp-json\/wp\/v2\/tags?post=19280"}],"curies":[{"name":"wp","href":"https:\/\/api.w.org\/{rel}","templated":true}]}}