{"id":19314,"date":"2015-04-23T19:27:41","date_gmt":"2015-04-23T19:27:41","guid":{"rendered":"http:\/\/www.constantinianorder.net\/?p=19314"},"modified":"2026-01-16T16:02:20","modified_gmt":"2026-01-16T16:02:20","slug":"solemne-celebracion-de-san-jorge-2","status":"publish","type":"post","link":"https:\/\/svil.constantinianorder.com\/es\/solemne-celebracion-de-san-jorge-2\/","title":{"rendered":"SOLEMNE CELEBRACI\u00d3N DE SAN JORGE"},"content":{"rendered":"<p><strong><a href=\"http:\/\/www.constantinianorder.net\/wp-content\/uploads\/2015\/05\/IMG_1248x.jpg\"><img loading=\"lazy\" decoding=\"async\" class=\"alignleft wp-image-18832\" src=\"http:\/\/www.constantinianorder.net\/wp-content\/uploads\/2015\/05\/IMG_1248x-500x333.jpg\" alt=\"IMG_1248x\" width=\"207\" height=\"138\" \/><\/a><\/strong><\/p>\n<p><strong>Mesina, 23 de abril 2015. <\/strong>En el espl\u00e9ndido marco de la Iglesia dedicada a la Virgen Sta. Catarina y m\u00e1rtir de Mesina, el P\u00e1rroco Mons. Mario Di Pietro, Caballero de Gracia Eclesi\u00e1stico y Capell\u00e1n del Sacro Orden Militar Constantiniano de Sn. Jorge, ha celebrado la Santa Misa en honor de Sn. Jorge, protector del Orden.<\/p>\n<p>La celebraci\u00f3n, presidida por el significativo rito de investidura del dr. Franz Riccobono como Caballero de M\u00e9rito, nombrado caballero en el 2014, se ha desarrollado delante de la presencia, adem\u00e1s de los Caballeros y de las Damas del Sacro Orden Militar Constantiniano de Sn. Jorge, del delegado de Mesina por la Soberana Orden Militar de Malta, prof. Giuseppe Romeo, caballero de Justicia constantiniano, y por el Director de la Secci\u00f3n de Mesina del Orden Ecuestre del Santo Sepulcro de Jerusal\u00e9n, abg. Clodomiro Tavani, con un nutrido grupo de Caballeros y Damas del Orden Jerosolimitano, a caballero de Gracia.<\/p>\n<p>Las autoridades representantes han testimoniado la peculiar importancia que, en este \u00e1mbito, reviste la solemnidad de Sn. Jorge Caballero por la com\u00fan protecci\u00f3n y la compartici\u00f3n de los valores cristianos y de los principios caballerescos. Presentes tambi\u00e9n Autoridades civiles y militares.<\/p>\n<p>A continuaci\u00f3n ha sido presentada la iniciativa \u201cMigajas de salud\u201d, proyecto de solidaridad, organizado en favor de las clases sociales m\u00e1s desafortunadas y que, en Mesina, se apoyar\u00e1 de la colaboraci\u00f3n de la Caritas parroquial de la \u201cVirgen Sta. Catarina y m\u00e1rtir\u201d.<\/p>\n<p>La iniciativa se implanta en el proyecto m\u00e1s amplio <em>\u201cEl hambre de nuestro vecino\u201d <\/em>en el que el Orden ha puesto su esencia con la finalidad de implementar la solidaridad ah\u00ed en d\u00f3nde se perciben m\u00e1s el malestar social, la privaci\u00f3n, la decadencia, la marginaci\u00f3n y la pobreza.<\/p>\n<p>&nbsp;<\/p>\n<p><strong>\u00a0<\/strong><\/p>\n<p><!--more--><\/p>\n<p><a href=\"http:\/\/www.constantinianorder.net\/wp-content\/uploads\/2015\/05\/IMG_1244x.jpg\"><img loading=\"lazy\" decoding=\"async\" class=\"alignnone size-medium wp-image-18830\" src=\"http:\/\/www.constantinianorder.net\/wp-content\/uploads\/2015\/05\/IMG_1244x-500x333.jpg\" alt=\"IMG_1244x\" width=\"500\" height=\"333\" \/><\/a> <a href=\"http:\/\/www.constantinianorder.net\/wp-content\/uploads\/2015\/05\/IMG_1246x.jpg\"><img loading=\"lazy\" decoding=\"async\" class=\"alignnone size-medium wp-image-18831\" src=\"http:\/\/www.constantinianorder.net\/wp-content\/uploads\/2015\/05\/IMG_1246x-333x500.jpg\" alt=\"IMG_1246x\" width=\"333\" height=\"500\" \/><\/a>\u00a0\u00a0<a href=\"http:\/\/www.constantinianorder.net\/wp-content\/uploads\/2015\/05\/IMG_1227.jpg\"><img loading=\"lazy\" decoding=\"async\" class=\"alignnone size-medium wp-image-18833\" src=\"http:\/\/www.constantinianorder.net\/wp-content\/uploads\/2015\/05\/IMG_1227-500x333.jpg\" alt=\"IMG_1227\" width=\"500\" height=\"333\" \/><\/a><\/p>\n","protected":false},"excerpt":{"rendered":"<p>Mesina, 23 de abril 2015. En el espl\u00e9ndido marco de la Iglesia dedicada a la Virgen Sta. Catarina y m\u00e1rtir de Mesina, el P\u00e1rroco Mons. Mario Di Pietro, Caballero de Gracia Eclesi\u00e1stico y Capell\u00e1n del Sacro Orden Militar Constantiniano de Sn. Jorge, ha celebrado la Santa Misa en honor de Sn. Jorge, protector del Orden. [&hellip;]<\/p>\n","protected":false},"author":1,"featured_media":0,"comment_status":"closed","ping_status":"open","sticky":false,"template":"","format":"standard","meta":{"footnotes":""},"categories":[167],"tags":[],"class_list":["post-19314","post","type-post","status-publish","format-standard","hentry","category-delegacion-de-la-sicilia"],"_links":{"self":[{"href":"https:\/\/svil.constantinianorder.com\/es\/wp-json\/wp\/v2\/posts\/19314","targetHints":{"allow":["GET"]}}],"collection":[{"href":"https:\/\/svil.constantinianorder.com\/es\/wp-json\/wp\/v2\/posts"}],"about":[{"href":"https:\/\/svil.constantinianorder.com\/es\/wp-json\/wp\/v2\/types\/post"}],"author":[{"embeddable":true,"href":"https:\/\/svil.constantinianorder.com\/es\/wp-json\/wp\/v2\/users\/1"}],"replies":[{"embeddable":true,"href":"https:\/\/svil.constantinianorder.com\/es\/wp-json\/wp\/v2\/comments?post=19314"}],"version-history":[{"count":1,"href":"https:\/\/svil.constantinianorder.com\/es\/wp-json\/wp\/v2\/posts\/19314\/revisions"}],"predecessor-version":[{"id":60294,"href":"https:\/\/svil.constantinianorder.com\/es\/wp-json\/wp\/v2\/posts\/19314\/revisions\/60294"}],"wp:attachment":[{"href":"https:\/\/svil.constantinianorder.com\/es\/wp-json\/wp\/v2\/media?parent=19314"}],"wp:term":[{"taxonomy":"category","embeddable":true,"href":"https:\/\/svil.constantinianorder.com\/es\/wp-json\/wp\/v2\/categories?post=19314"},{"taxonomy":"post_tag","embeddable":true,"href":"https:\/\/svil.constantinianorder.com\/es\/wp-json\/wp\/v2\/tags?post=19314"}],"curies":[{"name":"wp","href":"https:\/\/api.w.org\/{rel}","templated":true}]}}