{"id":19320,"date":"2015-04-24T11:43:01","date_gmt":"2015-04-24T11:43:01","guid":{"rendered":"http:\/\/www.constantinianorder.net\/?p=19320"},"modified":"2026-01-16T16:02:22","modified_gmt":"2026-01-16T16:02:22","slug":"gala-de-beneficencia","status":"publish","type":"post","link":"https:\/\/svil.constantinianorder.com\/es\/gala-de-beneficencia\/","title":{"rendered":"GALA DE BENEFICENCIA"},"content":{"rendered":"<p><strong><a href=\"http:\/\/www.constantinianorder.net\/wp-content\/uploads\/2015\/05\/Generale-Bardi-e-Pierluigi-Sanfelice1.jpg\"><img loading=\"lazy\" decoding=\"async\" class=\"alignleft wp-image-18883\" src=\"http:\/\/www.constantinianorder.net\/wp-content\/uploads\/2015\/05\/Generale-Bardi-e-Pierluigi-Sanfelice1-500x333.jpg\" alt=\"Generale-Bardi-e-Pierluigi-Sanfelice\" width=\"192\" height=\"128\" \/><\/a><\/strong><\/p>\n<p><strong>N<\/strong><strong>\u00e1<\/strong><strong>poles, 24 aprile 2015. <\/strong>\u00a0En el C\u00edrculo del Estribo se ha desarrollado una gala de beneficencia del Sacro Orden Militar Constantiniano de San Jorge, a la cu\u00e1l han participado m\u00e1s de doscientos cincuenta invitados.<\/p>\n<p>En el curso del evento, organizado por la Delgaci\u00f3n de N\u00e1poles y Campania, el Delegado Delegato Pierluigi Sanfelice de Ba\u00f1oli, ha llevado los saludos m\u00e1s apreciados del Gran Maestro S.A.R. el Pr\u00edncipe Carlos de Borb\u00f3n de las Dos Sicilias Duque de Castro, del Gran Prefecto del Orden Don Augusto Ruffo de Calabria de los Principes de Scilla, del Gran Canciller S.A.R. la Princesa Beatriz de Borb\u00f3n de las Dos Sicilias y del Presidente de la\u00a0 Regi\u00f3n Campania Hon. Stefano Caldoro.<\/p>\n<p>Un sentido agradecimiento ha sido hecho a Patrizio Rispo que, gracias a su atenci\u00f3n usual hacia los temas de los \u201c\u00faltimos\u201d, ha organizado el placentero entretenimiento musical interpretado por el Ensamble del San Carlo. Presentes los integrantes de la Delegaci\u00f3n de la Campania y much\u00edsimos invitados.<\/p>\n<p>Grande la recepci\u00f3n, por parte de todos los Caballeros y las Damas del Orden as\u00ed como de\u00a0 \u00a0parte de los hu\u00e9spedes presentes, ha sido reservada a Randa Ghattas, exponente de una de las m\u00e1s importantes y prestigiosas familias libaneses, la cu\u00e1l ha manifestado emoci\u00f3n y un sentido de gratitud por la misi\u00f3n que la Delegaci\u00f3n ha llevado a cabo en L\u00edbano el mes pasado y de las palabras del Delegado Pierluigi Sanfelice.<\/p>\n<p><strong>\u00a0<\/strong><\/p>\n<p><!--more--><\/p>\n<p>&nbsp;<\/p>\n<p><a href=\"http:\/\/www.constantinianorder.net\/wp-content\/uploads\/2015\/05\/Ensemble-del-San-Carlo1.jpg\"><img loading=\"lazy\" decoding=\"async\" class=\"alignnone size-medium wp-image-18882\" src=\"http:\/\/www.constantinianorder.net\/wp-content\/uploads\/2015\/05\/Ensemble-del-San-Carlo1-500x333.jpg\" alt=\"Ensemble-del-San-Carlo\" width=\"500\" height=\"333\" \/><\/a> <a href=\"http:\/\/www.constantinianorder.net\/wp-content\/uploads\/2015\/05\/Generale-Bardi-e-Pierluigi-Sanfelice1.jpg\"><img loading=\"lazy\" decoding=\"async\" class=\"alignnone size-medium wp-image-18883\" src=\"http:\/\/www.constantinianorder.net\/wp-content\/uploads\/2015\/05\/Generale-Bardi-e-Pierluigi-Sanfelice1-500x333.jpg\" alt=\"Generale-Bardi-e-Pierluigi-Sanfelice\" width=\"500\" height=\"333\" \/><\/a> <a href=\"http:\/\/www.constantinianorder.net\/wp-content\/uploads\/2015\/05\/Patrizio-Rispo-e-Raimondo-Zampaglione1.jpg\"><img loading=\"lazy\" decoding=\"async\" class=\"alignnone size-medium wp-image-18884\" src=\"http:\/\/www.constantinianorder.net\/wp-content\/uploads\/2015\/05\/Patrizio-Rispo-e-Raimondo-Zampaglione1-500x333.jpg\" alt=\"Patrizio-Rispo-e-Raimondo-Zampaglione\" width=\"500\" height=\"333\" \/><\/a> <a href=\"http:\/\/www.constantinianorder.net\/wp-content\/uploads\/2015\/05\/Pierpaolo-Caselli-Matteo-Gambaro-Carlo-Guardascione-con-Barbara-Magistrelli-Diego-Napolitano1.jpg\"><img loading=\"lazy\" decoding=\"async\" class=\"alignnone size-medium wp-image-18885\" src=\"http:\/\/www.constantinianorder.net\/wp-content\/uploads\/2015\/05\/Pierpaolo-Caselli-Matteo-Gambaro-Carlo-Guardascione-con-Barbara-Magistrelli-Diego-Napolitano1-500x333.jpg\" alt=\"Pierpaolo-Caselli,-Matteo-Gambaro,-Carlo-Guardascione-con-Barbara-Magistrelli,-Diego-Napolitano\" width=\"500\" height=\"333\" \/><\/a><\/p>\n<p>&nbsp;<\/p>\n","protected":false},"excerpt":{"rendered":"<p>N\u00e1poles, 24 aprile 2015. \u00a0En el C\u00edrculo del Estribo se ha desarrollado una gala de beneficencia del Sacro Orden Militar Constantiniano de San Jorge, a la cu\u00e1l han participado m\u00e1s de doscientos cincuenta invitados. En el curso del evento, organizado por la Delgaci\u00f3n de N\u00e1poles y Campania, el Delegado Delegato Pierluigi Sanfelice de Ba\u00f1oli, ha [&hellip;]<\/p>\n","protected":false},"author":1,"featured_media":0,"comment_status":"closed","ping_status":"open","sticky":false,"template":"","format":"standard","meta":{"footnotes":""},"categories":[183],"tags":[],"class_list":["post-19320","post","type-post","status-publish","format-standard","hentry","category-delegacion-de-campania"],"_links":{"self":[{"href":"https:\/\/svil.constantinianorder.com\/es\/wp-json\/wp\/v2\/posts\/19320","targetHints":{"allow":["GET"]}}],"collection":[{"href":"https:\/\/svil.constantinianorder.com\/es\/wp-json\/wp\/v2\/posts"}],"about":[{"href":"https:\/\/svil.constantinianorder.com\/es\/wp-json\/wp\/v2\/types\/post"}],"author":[{"embeddable":true,"href":"https:\/\/svil.constantinianorder.com\/es\/wp-json\/wp\/v2\/users\/1"}],"replies":[{"embeddable":true,"href":"https:\/\/svil.constantinianorder.com\/es\/wp-json\/wp\/v2\/comments?post=19320"}],"version-history":[{"count":1,"href":"https:\/\/svil.constantinianorder.com\/es\/wp-json\/wp\/v2\/posts\/19320\/revisions"}],"predecessor-version":[{"id":60316,"href":"https:\/\/svil.constantinianorder.com\/es\/wp-json\/wp\/v2\/posts\/19320\/revisions\/60316"}],"wp:attachment":[{"href":"https:\/\/svil.constantinianorder.com\/es\/wp-json\/wp\/v2\/media?parent=19320"}],"wp:term":[{"taxonomy":"category","embeddable":true,"href":"https:\/\/svil.constantinianorder.com\/es\/wp-json\/wp\/v2\/categories?post=19320"},{"taxonomy":"post_tag","embeddable":true,"href":"https:\/\/svil.constantinianorder.com\/es\/wp-json\/wp\/v2\/tags?post=19320"}],"curies":[{"name":"wp","href":"https:\/\/api.w.org\/{rel}","templated":true}]}}