{"id":19520,"date":"2015-09-28T12:13:45","date_gmt":"2015-09-28T10:13:45","guid":{"rendered":"http:\/\/www.constantinianorder.net\/?p=19520"},"modified":"2026-01-16T16:07:30","modified_gmt":"2026-01-16T16:07:30","slug":"gran-baile-de-venaria-reale","status":"publish","type":"post","link":"https:\/\/svil.constantinianorder.com\/es\/gran-baile-de-venaria-reale\/","title":{"rendered":"GRAN BAILE DE VENARIA REALE"},"content":{"rendered":"<p><strong><a href=\"http:\/\/www.constantinianorder.net\/wp-content\/uploads\/2015\/09\/GALLERIA.jpg\"><img loading=\"lazy\" decoding=\"async\" class=\"alignleft wp-image-19503\" src=\"http:\/\/www.constantinianorder.net\/wp-content\/uploads\/2015\/09\/GALLERIA-333x500.jpg\" alt=\"GALLERIA\" width=\"156\" height=\"234\" \/><\/a><\/strong><\/p>\n<p><strong>Venaria Reale (TO), 14 de noviembre de 2015. <\/strong>Tendr\u00e1 lugar en las Salas de la Reggia (Palacio Real) de Venaria Reale, la <strong>XXI edici\u00f3n <\/strong>de la noche de gala del evento <strong>Vienna sul Lago (Viena en el Lago), <\/strong>una cita tradicional para la cultura y la solidaridad.<\/p>\n<p>Hu\u00e9sped de honor ser\u00e1 <strong>S.A.R. la Princesa Beatriz de Borb\u00f3n de las Dos Sicilias, Gran Canciller de la Sagrada Orden Militar Constantiniana de San Jorge, <\/strong>la m\u00e1s antigua Orden Ecuestre, que se propone un importante objetivo humanitario: <strong>\u00abEl hambre de nuestro vecino\u00bb<\/strong>. El proyecto concierne a la misi\u00f3n de solidaridad \u00ednsita en las finalidades de la Orden, es decir la intervenci\u00f3n en favor de las personas indigentes para la satisfacci\u00f3n de sus necesidades primarias, como el abastecimiento de g\u00e9neros de primera necesidad y el cuidado de su salud.<\/p>\n<p>Es propiamente con este objetivo que el Comit\u00e9 <strong>\u201cVienna sul Lago\u201d<\/strong> y la <strong>Marina Militar<\/strong> decidieron valorizar esta noche con una importante actividad de caridad, que mediante <strong>la Sagrada Orden Militar Constantiniana de San Jorge<\/strong> ser\u00e1 destinada a la investigaci\u00f3n de las enfermedades gen\u00e9ticas y raras de <strong>Telethon<\/strong>.<\/p>\n<p>&nbsp;<\/p>\n<p style=\"text-align: center;\"><strong>\u00a0Para ulteriores informaciones:<\/strong><\/p>\n<p style=\"text-align: center;\"><strong>Comit\u00e9 Vienna sul Lago Tel. 0321 391850<\/strong><\/p>\n<p style=\"text-align: center;\"><strong>E-mail: <a href=\"mailto:comitato@viennasullago.it\">comitato@viennasullago.it<\/a> <a href=\"http:\/\/www.granballodellavenariareale.it\/\">\u00a0<\/a><\/strong><\/p>\n<p style=\"text-align: center;\"><strong><a href=\"http:\/\/www.granballodellavenariareale.it\/\">www.granballodellavenariareale.it <\/a>\u2013 <a href=\"http:\/\/www.viennasullago.it\/\">www.viennasullago.it<\/a><\/strong><\/p>\n<p style=\"text-align: center;\">\n<p>&nbsp;<\/p>\n<p><strong>\u00a0<\/strong><\/p>\n<p style=\"text-align: left;\"><!--more--><\/p>\n<p style=\"text-align: left;\"><a href=\"http:\/\/www.constantinianorder.net\/wp-content\/uploads\/2015\/09\/GALLERIA.jpg\"><img loading=\"lazy\" decoding=\"async\" class=\"alignnone size-medium wp-image-19503\" src=\"http:\/\/www.constantinianorder.net\/wp-content\/uploads\/2015\/09\/GALLERIA-333x500.jpg\" alt=\"GALLERIA\" width=\"333\" height=\"500\" \/><\/a><\/p>\n","protected":false},"excerpt":{"rendered":"<p>Venaria Reale (TO), 14 de noviembre de 2015. Tendr\u00e1 lugar en las Salas de la Reggia (Palacio Real) de Venaria Reale, la XXI edici\u00f3n de la noche de gala del evento Vienna sul Lago (Viena en el Lago), una cita tradicional para la cultura y la solidaridad. Hu\u00e9sped de honor ser\u00e1 S.A.R. la Princesa Beatriz [&hellip;]<\/p>\n","protected":false},"author":1,"featured_media":0,"comment_status":"closed","ping_status":"open","sticky":false,"template":"","format":"standard","meta":{"footnotes":""},"categories":[175],"tags":[],"class_list":["post-19520","post","type-post","status-publish","format-standard","hentry","category-delegacion-de-piamonte-y-valle-de-aosta"],"_links":{"self":[{"href":"https:\/\/svil.constantinianorder.com\/es\/wp-json\/wp\/v2\/posts\/19520","targetHints":{"allow":["GET"]}}],"collection":[{"href":"https:\/\/svil.constantinianorder.com\/es\/wp-json\/wp\/v2\/posts"}],"about":[{"href":"https:\/\/svil.constantinianorder.com\/es\/wp-json\/wp\/v2\/types\/post"}],"author":[{"embeddable":true,"href":"https:\/\/svil.constantinianorder.com\/es\/wp-json\/wp\/v2\/users\/1"}],"replies":[{"embeddable":true,"href":"https:\/\/svil.constantinianorder.com\/es\/wp-json\/wp\/v2\/comments?post=19520"}],"version-history":[{"count":1,"href":"https:\/\/svil.constantinianorder.com\/es\/wp-json\/wp\/v2\/posts\/19520\/revisions"}],"predecessor-version":[{"id":60597,"href":"https:\/\/svil.constantinianorder.com\/es\/wp-json\/wp\/v2\/posts\/19520\/revisions\/60597"}],"wp:attachment":[{"href":"https:\/\/svil.constantinianorder.com\/es\/wp-json\/wp\/v2\/media?parent=19520"}],"wp:term":[{"taxonomy":"category","embeddable":true,"href":"https:\/\/svil.constantinianorder.com\/es\/wp-json\/wp\/v2\/categories?post=19520"},{"taxonomy":"post_tag","embeddable":true,"href":"https:\/\/svil.constantinianorder.com\/es\/wp-json\/wp\/v2\/tags?post=19520"}],"curies":[{"name":"wp","href":"https:\/\/api.w.org\/{rel}","templated":true}]}}