{"id":19623,"date":"2015-10-08T10:50:25","date_gmt":"2015-10-08T10:50:25","guid":{"rendered":"http:\/\/www.constantinianorder.net\/?p=19623"},"modified":"2026-01-16T16:13:31","modified_gmt":"2026-01-16T16:13:31","slug":"encuentro-en-la-academia-militar-de-modena","status":"publish","type":"post","link":"https:\/\/svil.constantinianorder.com\/es\/encuentro-en-la-academia-militar-de-modena\/","title":{"rendered":"ENCUENTRO EN LA ACADEMIA MILITAR DE MODENA"},"content":{"rendered":"<p><strong><img loading=\"lazy\" decoding=\"async\" class=\"alignleft\" src=\"http:\/\/www.constantinianorder.net\/wp-content\/uploads\/2015\/09\/Palazzo_Ducale_Modena1-300x225.jpg\" alt=\"Palazzo_Ducale_(Modena)\" width=\"217\" height=\"163\" \/><\/strong><\/p>\n<p><strong>M\u00f3dena, 8 de octubre de 2015.<\/strong> El pr\u00f3ximo 8 de octubre en la Sede de la Academia Militar de M\u00f3dena tendr\u00e1 lugar un encuentro entre el Capell\u00e1n Militar Padre Manuel Paganuzzi y el Delegado Vicario Cab. Gr. Cr. de M\u00e9rito Lic. Umberto Zio, inherente a las presentaciones usuales, la inminente Santa Misa programada en la ciudad y asimismo la planificaci\u00f3n de las actividades de la Orden Constantiniana de San Jorge.\u00a0A continuaci\u00f3n se efectuar\u00e1 una visita de la estructura militar y un encuentro a fin de conocer a los cuadros permanentes.<\/p>\n<p>&nbsp;<\/p>\n<p>&nbsp;<\/p>\n<p><!--more--><\/p>\n<p><a href=\"http:\/\/www.constantinianorder.net\/wp-content\/uploads\/2015\/09\/Palazzo_Ducale_Modena1.jpg\"><img loading=\"lazy\" decoding=\"async\" class=\"alignnone wp-image-19573\" src=\"http:\/\/www.constantinianorder.net\/wp-content\/uploads\/2015\/09\/Palazzo_Ducale_Modena1-300x225.jpg\" alt=\"Palazzo_Ducale_(Modena)\" width=\"435\" height=\"326\" \/><\/a><\/p>\n<p><a href=\"http:\/\/www.constantinianorder.net\/wp-content\/uploads\/2015\/09\/Gli-Allievi-Ufficiali-dellAccademia-Militare-di-Modena2.jpg\"><img loading=\"lazy\" decoding=\"async\" class=\"alignnone wp-image-19572\" src=\"http:\/\/www.constantinianorder.net\/wp-content\/uploads\/2015\/09\/Gli-Allievi-Ufficiali-dellAccademia-Militare-di-Modena2-300x201.jpg\" alt=\"Gli-Allievi-Ufficiali-dellAccademia-Militare-di-Modena\" width=\"434\" height=\"291\" \/><\/a><\/p>\n<p>&nbsp;<\/p>\n<p>&nbsp;<\/p>\n<p>&nbsp;<\/p>\n","protected":false},"excerpt":{"rendered":"<p>M\u00f3dena, 8 de octubre de 2015. El pr\u00f3ximo 8 de octubre en la Sede de la Academia Militar de M\u00f3dena tendr\u00e1 lugar un encuentro entre el Capell\u00e1n Militar Padre Manuel Paganuzzi y el Delegado Vicario Cab. Gr. Cr. de M\u00e9rito Lic. Umberto Zio, inherente a las presentaciones usuales, la inminente Santa Misa programada en la [&hellip;]<\/p>\n","protected":false},"author":1,"featured_media":0,"comment_status":"closed","ping_status":"open","sticky":false,"template":"","format":"standard","meta":{"footnotes":""},"categories":[202],"tags":[],"class_list":["post-19623","post","type-post","status-publish","format-standard","hentry","category-delegacion-de-lemilia-romagna"],"_links":{"self":[{"href":"https:\/\/svil.constantinianorder.com\/es\/wp-json\/wp\/v2\/posts\/19623","targetHints":{"allow":["GET"]}}],"collection":[{"href":"https:\/\/svil.constantinianorder.com\/es\/wp-json\/wp\/v2\/posts"}],"about":[{"href":"https:\/\/svil.constantinianorder.com\/es\/wp-json\/wp\/v2\/types\/post"}],"author":[{"embeddable":true,"href":"https:\/\/svil.constantinianorder.com\/es\/wp-json\/wp\/v2\/users\/1"}],"replies":[{"embeddable":true,"href":"https:\/\/svil.constantinianorder.com\/es\/wp-json\/wp\/v2\/comments?post=19623"}],"version-history":[{"count":1,"href":"https:\/\/svil.constantinianorder.com\/es\/wp-json\/wp\/v2\/posts\/19623\/revisions"}],"predecessor-version":[{"id":60635,"href":"https:\/\/svil.constantinianorder.com\/es\/wp-json\/wp\/v2\/posts\/19623\/revisions\/60635"}],"wp:attachment":[{"href":"https:\/\/svil.constantinianorder.com\/es\/wp-json\/wp\/v2\/media?parent=19623"}],"wp:term":[{"taxonomy":"category","embeddable":true,"href":"https:\/\/svil.constantinianorder.com\/es\/wp-json\/wp\/v2\/categories?post=19623"},{"taxonomy":"post_tag","embeddable":true,"href":"https:\/\/svil.constantinianorder.com\/es\/wp-json\/wp\/v2\/tags?post=19623"}],"curies":[{"name":"wp","href":"https:\/\/api.w.org\/{rel}","templated":true}]}}