{"id":20082,"date":"2015-11-27T11:09:59","date_gmt":"2015-11-27T11:09:59","guid":{"rendered":"http:\/\/www.constantinianorder.net\/?p=20082"},"modified":"2026-01-16T16:15:06","modified_gmt":"2026-01-16T16:15:06","slug":"semana-de-la-solidaridad-el-hambre-de-nuestro-vecino-5","status":"publish","type":"post","link":"https:\/\/svil.constantinianorder.com\/es\/semana-de-la-solidaridad-el-hambre-de-nuestro-vecino-5\/","title":{"rendered":"Semana de la solidaridad &#8211; \u201cEl hambre de nuestro vecino\u201d"},"content":{"rendered":"<p><strong><a href=\"http:\/\/www.constantinianorder.net\/wp-content\/uploads\/2015\/11\/imm6.png\"><img loading=\"lazy\" decoding=\"async\" class=\"alignleft wp-image-19936\" src=\"http:\/\/www.constantinianorder.net\/wp-content\/uploads\/2015\/11\/imm6-300x199.png\" alt=\"imm6\" width=\"269\" height=\"178\" \/><\/a><\/strong><\/p>\n<p><strong>Palmi, 27 de noviembre de 2015. <\/strong>Contin\u00faa el \u201cTour\u201d de la Delegaci\u00f3n Calabria para la promoci\u00f3n del proyecto la \u201cSemana de la solidaridad \u2013 El hambre de nuestro vecino\u201d, iniciativa solidaria en favor de las personas necesitadas de la regi\u00f3n a la cual participan Parroquias, Organismos Pastorales (Caritas), Comunidades de ancianos y j\u00f3venes.\u00a0Esta vez fue la ciudad de Palmi que acogi\u00f3 a nuestra Orden quien quiso entregar los productos de primera necesidad, donados por la Esselunga S.p.A., a 60 familias de la Parroquia de Maria Santissima del Soccorso (Mar\u00eda Sant\u00edsima del Socorro), localizadas por los responsables de la local Caritas entre las m\u00e1s indigentes. \u201cLo que estamos haciendo\u201d dijo el Delegado Vicario, Lic. Comendador de M\u00e9rito con Estrella Aurelio Badolati, visiblemente conmovido pues la ayuda humanitaria en dicha ocasi\u00f3n concerni\u00f3 a su ciudad natal, \u201crepresenta s\u00f3lo una gota para la atenuaci\u00f3n de los sufrimientos de los dem\u00e1s, pero muchas gotas pueden contribuir al nacimiento de un r\u00edo\u201d. Estas palabras, proferidas en la espl\u00e9ndida y antigua Iglesia del Sant\u00edsimo Crucifijo, precedieron la celebraci\u00f3n de la Santa Misa oficiada por el p\u00e1rroco Don Emanuele Leuzzi el cual numerosas veces, en el curso de la homil\u00eda, agradeci\u00f3, elogi\u00e1ndola, a nuestra Orden, recordando en la oraci\u00f3n tambi\u00e9n a todos los Caballeros Constantinianos que dieron su vida por defender los valores de la Cristiandad. Presenciaron la ceremonia los Caballeros de M\u00e9rito Rocco Gatto y Pasqualino Guerrisi, adem\u00e1s del Coordinador de los Benem\u00e9ritos Roberto Bendini.<\/p>\n<p>La pr\u00f3xima cita tendr\u00e1 lugar en Polistena (RC).<\/p>\n<p><strong>\u00a0<\/strong><\/p>\n<p>&nbsp;<\/p>\n<p><!--more--><\/p>\n<p><a href=\"http:\/\/www.constantinianorder.net\/wp-content\/uploads\/2015\/11\/imm11.png\"><img loading=\"lazy\" decoding=\"async\" class=\"alignnone wp-image-19931\" src=\"http:\/\/www.constantinianorder.net\/wp-content\/uploads\/2015\/11\/imm11-300x199.png\" alt=\"imm1\" width=\"416\" height=\"276\" \/><\/a><\/p>\n<p><a href=\"http:\/\/www.constantinianorder.net\/wp-content\/uploads\/2015\/11\/imm21.png\"><img loading=\"lazy\" decoding=\"async\" class=\"alignnone wp-image-19932\" src=\"http:\/\/www.constantinianorder.net\/wp-content\/uploads\/2015\/11\/imm21-300x199.png\" alt=\"imm2\" width=\"412\" height=\"273\" \/><\/a><\/p>\n<p><a href=\"http:\/\/www.constantinianorder.net\/wp-content\/uploads\/2015\/11\/imm31.png\"><img loading=\"lazy\" decoding=\"async\" class=\"alignnone wp-image-19933\" src=\"http:\/\/www.constantinianorder.net\/wp-content\/uploads\/2015\/11\/imm31-300x199.png\" alt=\"imm3\" width=\"409\" height=\"271\" \/><\/a><\/p>\n<p><a href=\"http:\/\/www.constantinianorder.net\/wp-content\/uploads\/2015\/11\/imm41.png\"><img loading=\"lazy\" decoding=\"async\" class=\"alignnone wp-image-19934\" src=\"http:\/\/www.constantinianorder.net\/wp-content\/uploads\/2015\/11\/imm41-199x300.png\" alt=\"imm4\" width=\"281\" height=\"424\" \/><\/a><\/p>\n<p><a href=\"http:\/\/www.constantinianorder.net\/wp-content\/uploads\/2015\/11\/imm51.png\"><img loading=\"lazy\" decoding=\"async\" class=\"alignnone wp-image-19935\" src=\"http:\/\/www.constantinianorder.net\/wp-content\/uploads\/2015\/11\/imm51-300x199.png\" alt=\"imm5\" width=\"412\" height=\"273\" \/><\/a><\/p>\n<p><a href=\"http:\/\/www.constantinianorder.net\/wp-content\/uploads\/2015\/11\/imm6.png\"><img loading=\"lazy\" decoding=\"async\" class=\"alignnone wp-image-19936\" src=\"http:\/\/www.constantinianorder.net\/wp-content\/uploads\/2015\/11\/imm6-300x199.png\" alt=\"imm6\" width=\"412\" height=\"273\" \/><\/a><\/p>\n<p><a href=\"http:\/\/www.constantinianorder.net\/wp-content\/uploads\/2015\/11\/imm7.png\"><img loading=\"lazy\" decoding=\"async\" class=\"alignnone wp-image-19937\" src=\"http:\/\/www.constantinianorder.net\/wp-content\/uploads\/2015\/11\/imm7-300x199.png\" alt=\"imm7\" width=\"413\" height=\"274\" \/><\/a><\/p>\n","protected":false},"excerpt":{"rendered":"<p>Palmi, 27 de noviembre de 2015. Contin\u00faa el \u201cTour\u201d de la Delegaci\u00f3n Calabria para la promoci\u00f3n del proyecto la \u201cSemana de la solidaridad \u2013 El hambre de nuestro vecino\u201d, iniciativa solidaria en favor de las personas necesitadas de la regi\u00f3n a la cual participan Parroquias, Organismos Pastorales (Caritas), Comunidades de ancianos y j\u00f3venes.\u00a0Esta vez fue [&hellip;]<\/p>\n","protected":false},"author":1,"featured_media":0,"comment_status":"closed","ping_status":"open","sticky":false,"template":"","format":"standard","meta":{"footnotes":""},"categories":[162],"tags":[],"class_list":["post-20082","post","type-post","status-publish","format-standard","hentry","category-delegacion-de-la-calabria"],"_links":{"self":[{"href":"https:\/\/svil.constantinianorder.com\/es\/wp-json\/wp\/v2\/posts\/20082","targetHints":{"allow":["GET"]}}],"collection":[{"href":"https:\/\/svil.constantinianorder.com\/es\/wp-json\/wp\/v2\/posts"}],"about":[{"href":"https:\/\/svil.constantinianorder.com\/es\/wp-json\/wp\/v2\/types\/post"}],"author":[{"embeddable":true,"href":"https:\/\/svil.constantinianorder.com\/es\/wp-json\/wp\/v2\/users\/1"}],"replies":[{"embeddable":true,"href":"https:\/\/svil.constantinianorder.com\/es\/wp-json\/wp\/v2\/comments?post=20082"}],"version-history":[{"count":1,"href":"https:\/\/svil.constantinianorder.com\/es\/wp-json\/wp\/v2\/posts\/20082\/revisions"}],"predecessor-version":[{"id":60852,"href":"https:\/\/svil.constantinianorder.com\/es\/wp-json\/wp\/v2\/posts\/20082\/revisions\/60852"}],"wp:attachment":[{"href":"https:\/\/svil.constantinianorder.com\/es\/wp-json\/wp\/v2\/media?parent=20082"}],"wp:term":[{"taxonomy":"category","embeddable":true,"href":"https:\/\/svil.constantinianorder.com\/es\/wp-json\/wp\/v2\/categories?post=20082"},{"taxonomy":"post_tag","embeddable":true,"href":"https:\/\/svil.constantinianorder.com\/es\/wp-json\/wp\/v2\/tags?post=20082"}],"curies":[{"name":"wp","href":"https:\/\/api.w.org\/{rel}","templated":true}]}}