{"id":20308,"date":"2015-11-10T13:09:30","date_gmt":"2015-11-10T13:09:30","guid":{"rendered":"http:\/\/www.constantinianorder.net\/?p=20308"},"modified":"2026-01-16T16:14:33","modified_gmt":"2026-01-16T16:14:33","slug":"se-sello-el-acuerdo-con-la-asociacion-notre-napule-a-visionaire-para-la-realizacion-de-proyectos-culturales-y-sociales-entre-napoles-y-la-provenza","status":"publish","type":"post","link":"https:\/\/svil.constantinianorder.com\/es\/se-sello-el-acuerdo-con-la-asociacion-notre-napule-a-visionaire-para-la-realizacion-de-proyectos-culturales-y-sociales-entre-napoles-y-la-provenza\/","title":{"rendered":"SE SELL\u00d3 EL ACUERDO CON LA ASOCIACI\u00d3N \u201cNotre Napule \u2019a Visionaire\u201d PARA LA REALIZACI\u00d3N DE PROYECTOS CULTURALES Y SOCIALES ENTRE N\u00c1POLES Y LA PROVENZA"},"content":{"rendered":"<p><strong><a href=\"http:\/\/www.constantinianorder.net\/wp-content\/uploads\/2015\/12\/foto2.jpg\"><img loading=\"lazy\" decoding=\"async\" class=\"alignleft wp-image-20111\" src=\"http:\/\/www.constantinianorder.net\/wp-content\/uploads\/2015\/12\/foto2-300x159.jpg\" alt=\"foto2\" width=\"270\" height=\"143\" \/><\/a><\/strong><\/p>\n<p><strong>N\u00e1poles, 10 de noviembre de 2015.<\/strong> Se sell\u00f3 el Acuerdo con la Asociaci\u00f3n \u201cNotre Napule \u2019a Visionaire\u201d para la realizaci\u00f3n de proyectos culturales y sociales comunes. El objetivo consiste en una colaboraci\u00f3n dirigida a estimular encuentros culturales entre N\u00e1poles y la Provenza con referencia al per\u00edodo angevino: en N\u00e1poles quedan muchos testimonios de aquel per\u00edodo, como por ejemplo el busto de San Genaro, que fue realizado propiamente por dos orfebres provenzales. Y tambi\u00e9n en Provenza sobreviven y prosperan costumbres napolitanas, tanto en el canto como en la comida o en las asonancias entre el dialecto napolitano y el provenzal.<\/p>\n<p>&nbsp;<\/p>\n<p><!--more--><\/p>\n<p><a href=\"http:\/\/www.constantinianorder.net\/wp-content\/uploads\/2015\/12\/foto2.jpg\"><img loading=\"lazy\" decoding=\"async\" class=\"alignnone wp-image-20111\" src=\"http:\/\/www.constantinianorder.net\/wp-content\/uploads\/2015\/12\/foto2-300x159.jpg\" alt=\"foto2\" width=\"436\" height=\"231\" \/><\/a><\/p>\n","protected":false},"excerpt":{"rendered":"<p>N\u00e1poles, 10 de noviembre de 2015. Se sell\u00f3 el Acuerdo con la Asociaci\u00f3n \u201cNotre Napule \u2019a Visionaire\u201d para la realizaci\u00f3n de proyectos culturales y sociales comunes. El objetivo consiste en una colaboraci\u00f3n dirigida a estimular encuentros culturales entre N\u00e1poles y la Provenza con referencia al per\u00edodo angevino: en N\u00e1poles quedan muchos testimonios de aquel per\u00edodo, [&hellip;]<\/p>\n","protected":false},"author":1,"featured_media":0,"comment_status":"closed","ping_status":"open","sticky":false,"template":"","format":"standard","meta":{"footnotes":""},"categories":[183],"tags":[],"class_list":["post-20308","post","type-post","status-publish","format-standard","hentry","category-delegacion-de-campania"],"_links":{"self":[{"href":"https:\/\/svil.constantinianorder.com\/es\/wp-json\/wp\/v2\/posts\/20308","targetHints":{"allow":["GET"]}}],"collection":[{"href":"https:\/\/svil.constantinianorder.com\/es\/wp-json\/wp\/v2\/posts"}],"about":[{"href":"https:\/\/svil.constantinianorder.com\/es\/wp-json\/wp\/v2\/types\/post"}],"author":[{"embeddable":true,"href":"https:\/\/svil.constantinianorder.com\/es\/wp-json\/wp\/v2\/users\/1"}],"replies":[{"embeddable":true,"href":"https:\/\/svil.constantinianorder.com\/es\/wp-json\/wp\/v2\/comments?post=20308"}],"version-history":[{"count":1,"href":"https:\/\/svil.constantinianorder.com\/es\/wp-json\/wp\/v2\/posts\/20308\/revisions"}],"predecessor-version":[{"id":60769,"href":"https:\/\/svil.constantinianorder.com\/es\/wp-json\/wp\/v2\/posts\/20308\/revisions\/60769"}],"wp:attachment":[{"href":"https:\/\/svil.constantinianorder.com\/es\/wp-json\/wp\/v2\/media?parent=20308"}],"wp:term":[{"taxonomy":"category","embeddable":true,"href":"https:\/\/svil.constantinianorder.com\/es\/wp-json\/wp\/v2\/categories?post=20308"},{"taxonomy":"post_tag","embeddable":true,"href":"https:\/\/svil.constantinianorder.com\/es\/wp-json\/wp\/v2\/tags?post=20308"}],"curies":[{"name":"wp","href":"https:\/\/api.w.org\/{rel}","templated":true}]}}