{"id":20329,"date":"2015-12-28T09:04:20","date_gmt":"2015-12-28T09:04:20","guid":{"rendered":"http:\/\/www.constantinianorder.net\/?p=20329"},"modified":"2026-01-16T16:16:22","modified_gmt":"2026-01-16T16:16:22","slug":"segunda-semana-de-la-solidaridad-una-navidad-para-todos","status":"publish","type":"post","link":"https:\/\/svil.constantinianorder.com\/es\/segunda-semana-de-la-solidaridad-una-navidad-para-todos\/","title":{"rendered":"SEGUNDA SEMANA DE LA SOLIDARIDAD: \u201cUNA NAVIDAD PARA TODOS\u201d"},"content":{"rendered":"<p><strong><a href=\"http:\/\/www.constantinianorder.net\/wp-content\/uploads\/2015\/12\/006.jpg\"><img loading=\"lazy\" decoding=\"async\" class=\"alignleft wp-image-20148\" src=\"http:\/\/www.constantinianorder.net\/wp-content\/uploads\/2015\/12\/006-300x169.jpg\" alt=\"006\" width=\"284\" height=\"160\" \/><\/a><\/strong><\/p>\n<p><strong>Reggio Calabria, 17 \u2013 28 de diciembre de 2015. <\/strong>Contin\u00faa el \u201cTour\u201d de la solidaridad de la Delegaci\u00f3n Calabria con la segunda fase de distribuci\u00f3n de ayudas humanitarias a las familias desfavorecidas de la regi\u00f3n, prevista para este per\u00edodo navide\u00f1o. El Delegado Vicario Lic. Aurelio Badolati, Comendador de M\u00e9rito con Estrella, a trav\u00e9s del proyecto \u201cUna Navidad para todos\u201d quiso interpretar el verdadero significado de la Navidad de hoy d\u00eda: \u201cEl de las emociones, de las buenas intenciones pero sobre todo de la solidaridad en favor de los \u00faltimos\u201d. Porque la Navidad es la fiesta que de alguna manera invita a todos, inclusive a los no creyentes, a la recuperaci\u00f3n de aquellos aspectos de valor, perdidos a lo largo del recorrido diario de un a\u00f1o, quiz\u00e1s tambi\u00e9n por una mera actitud emotiva. Por lo tanto dichos \u201cValores\u201d ser\u00e1n siempre dirigidos hacia Parroquias, Organismos Pastorales (C\u00e1ritas), Comunidades de ancianos y de j\u00f3venes los cuales, encarg\u00e1ndose de localizar a los m\u00e1s necesitados, distribuir\u00e1n los g\u00e9neros de primera necesidad que, cabe recordar una vez m\u00e1s, fueron donados (el entero contenido de un cami\u00f3n) por Esselunga S.p.A., una de las principales cadenas italianas en el sector de la gran distribuci\u00f3n organizada. El todo, gracias al eficaz inter\u00e9s del Gran Prefecto, S.E. el Embajador Augusto Ruffo de Calabria de los Pr\u00edncipes de Scilla.<\/p>\n<p>Las fechas y estructuras localizadas para esta segunda fase de donaciones de g\u00e9neros de primera necesidad son las siguientes:<\/p>\n<p>17 de diciembre &#8211; Sant\u2019Eufemia D\u2019Aspromonte (RC), \u201cParroquia Santa Eufemia Vergine e Martire\u201d (V\u00edrgen y M\u00e1rtir);<\/p>\n<p>19 de diciembre &#8211; Polistena (RC), \u201cComunidad Luigi Monti\u201d;<\/p>\n<p>19 de diciembre &#8211; Taurianova (RC), \u201cParroquia San Giuseppe\u201d (San Jos\u00e9);<\/p>\n<p>20 de diciembre &#8211; Castellace (RC), \u201cParroquia Santa Maria Assunta\u201d;<\/p>\n<p>27 de diciembre &#8211; Polistena (RC), \u201cCentro Polifuncional Padre Pino Puglisi\u201d;<\/p>\n<p>28 de diciembre &#8211; Gioia Tauro (RC), \u201cParroquia Sant\u2019Ippolito Martire\u201d (San Hip\u00f3lito M\u00e1rtir).<\/p>\n<p><strong>\u00a0<\/strong><\/p>\n<p>&nbsp;<\/p>\n<p><!--more--><\/p>\n<p><a href=\"http:\/\/www.constantinianorder.net\/wp-content\/uploads\/2015\/12\/006.jpg\"><img loading=\"lazy\" decoding=\"async\" class=\"alignnone wp-image-20148\" src=\"http:\/\/www.constantinianorder.net\/wp-content\/uploads\/2015\/12\/006-300x169.jpg\" alt=\"006\" width=\"414\" height=\"233\" \/><\/a><\/p>\n","protected":false},"excerpt":{"rendered":"<p>Reggio Calabria, 17 \u2013 28 de diciembre de 2015. Contin\u00faa el \u201cTour\u201d de la solidaridad de la Delegaci\u00f3n Calabria con la segunda fase de distribuci\u00f3n de ayudas humanitarias a las familias desfavorecidas de la regi\u00f3n, prevista para este per\u00edodo navide\u00f1o. El Delegado Vicario Lic. Aurelio Badolati, Comendador de M\u00e9rito con Estrella, a trav\u00e9s del proyecto [&hellip;]<\/p>\n","protected":false},"author":1,"featured_media":0,"comment_status":"closed","ping_status":"open","sticky":false,"template":"","format":"standard","meta":{"footnotes":""},"categories":[162],"tags":[],"class_list":["post-20329","post","type-post","status-publish","format-standard","hentry","category-delegacion-de-la-calabria"],"_links":{"self":[{"href":"https:\/\/svil.constantinianorder.com\/es\/wp-json\/wp\/v2\/posts\/20329","targetHints":{"allow":["GET"]}}],"collection":[{"href":"https:\/\/svil.constantinianorder.com\/es\/wp-json\/wp\/v2\/posts"}],"about":[{"href":"https:\/\/svil.constantinianorder.com\/es\/wp-json\/wp\/v2\/types\/post"}],"author":[{"embeddable":true,"href":"https:\/\/svil.constantinianorder.com\/es\/wp-json\/wp\/v2\/users\/1"}],"replies":[{"embeddable":true,"href":"https:\/\/svil.constantinianorder.com\/es\/wp-json\/wp\/v2\/comments?post=20329"}],"version-history":[{"count":1,"href":"https:\/\/svil.constantinianorder.com\/es\/wp-json\/wp\/v2\/posts\/20329\/revisions"}],"predecessor-version":[{"id":61031,"href":"https:\/\/svil.constantinianorder.com\/es\/wp-json\/wp\/v2\/posts\/20329\/revisions\/61031"}],"wp:attachment":[{"href":"https:\/\/svil.constantinianorder.com\/es\/wp-json\/wp\/v2\/media?parent=20329"}],"wp:term":[{"taxonomy":"category","embeddable":true,"href":"https:\/\/svil.constantinianorder.com\/es\/wp-json\/wp\/v2\/categories?post=20329"},{"taxonomy":"post_tag","embeddable":true,"href":"https:\/\/svil.constantinianorder.com\/es\/wp-json\/wp\/v2\/tags?post=20329"}],"curies":[{"name":"wp","href":"https:\/\/api.w.org\/{rel}","templated":true}]}}