{"id":20337,"date":"2015-12-17T09:59:38","date_gmt":"2015-12-17T09:59:38","guid":{"rendered":"http:\/\/www.constantinianorder.net\/?p=20337"},"modified":"2026-01-16T16:15:45","modified_gmt":"2026-01-16T16:15:45","slug":"reliquias-de-san-juan-pablo-ii-en-enna","status":"publish","type":"post","link":"https:\/\/svil.constantinianorder.com\/es\/reliquias-de-san-juan-pablo-ii-en-enna\/","title":{"rendered":"RELIQUIAS DE SAN JUAN PABLO II EN ENNA"},"content":{"rendered":"<p><strong><a href=\"http:\/\/www.constantinianorder.net\/wp-content\/uploads\/2015\/12\/DSC_0117.jpg\"><img loading=\"lazy\" decoding=\"async\" class=\"alignleft wp-image-20187\" src=\"http:\/\/www.constantinianorder.net\/wp-content\/uploads\/2015\/12\/DSC_0117-300x199.jpg\" alt=\"DSC_0117\" width=\"274\" height=\"182\" \/><\/a><\/strong><\/p>\n<p><strong>Enna, diciembre de 2015. <\/strong>La presencia de las Reliquias del Santo Pont\u00edfice Juan pablo II caracteriz\u00f3 la ceremonia de apertura del Jubileo de la Misericordia convocado por Papa Francisco en la iglesia de San Marco en la ciudad de Enna.\u00a0La Santa Misa solemne fue presidida por el Rev. Padre Giuseppe Scrivano, p\u00e1rroco de San Francisco de Paula de Catania y Capell\u00e1n de nuestra Orden; presenci\u00f3 tambi\u00e9n el Rev. Don Giuseppe Rugolo, Vicario de la Iglesia Madre de Enna.\u00a0Nuestro Cofrade Constantiniano el Caballero de M\u00e9rito Lic. Matteo Bertino fue tambi\u00e9n uno de los organizadores de la ceremonia religiosa.\u00a0Don Giuseppe Rugolo, record\u00f3 que entrar por la Puerta Santa significa descubrir la profundidad de la misericordia del Padre que acoge a todos y encuentra personalmente a cada uno.\u00a0Al final de la Celebraci\u00f3n Eucar\u00edstica, el Caballero Matteo Bertino entreg\u00f3 las medallas de bronce de benemerencia de la Orden concedidas por el Gran Maestro a los Se\u00f1ores Mario Di Prima y Davide Frenna.<\/p>\n<p>&nbsp;<\/p>\n<p><!--more--><\/p>\n<p><a href=\"http:\/\/www.constantinianorder.net\/wp-content\/uploads\/2015\/12\/DSC_0005.jpg\"><img loading=\"lazy\" decoding=\"async\" class=\"alignnone wp-image-20183\" src=\"http:\/\/www.constantinianorder.net\/wp-content\/uploads\/2015\/12\/DSC_0005-300x199.jpg\" alt=\"DSC_0005\" width=\"429\" height=\"284\" \/><\/a><\/p>\n<p><a href=\"http:\/\/www.constantinianorder.net\/wp-content\/uploads\/2015\/12\/DSC_0021.jpg\"><img loading=\"lazy\" decoding=\"async\" class=\"alignnone wp-image-20184\" src=\"http:\/\/www.constantinianorder.net\/wp-content\/uploads\/2015\/12\/DSC_0021-300x199.jpg\" alt=\"DSC_0021\" width=\"429\" height=\"284\" \/><\/a><\/p>\n<p><a href=\"http:\/\/www.constantinianorder.net\/wp-content\/uploads\/2015\/12\/DSC_0044.jpg\"><img loading=\"lazy\" decoding=\"async\" class=\"alignnone wp-image-20185\" src=\"http:\/\/www.constantinianorder.net\/wp-content\/uploads\/2015\/12\/DSC_0044-300x199.jpg\" alt=\"DSC_0044\" width=\"429\" height=\"284\" \/><\/a><\/p>\n<p><a href=\"http:\/\/www.constantinianorder.net\/wp-content\/uploads\/2015\/12\/DSC_0056.jpg\"><img loading=\"lazy\" decoding=\"async\" class=\"alignnone wp-image-20186\" src=\"http:\/\/www.constantinianorder.net\/wp-content\/uploads\/2015\/12\/DSC_0056-300x199.jpg\" alt=\"DSC_0056\" width=\"428\" height=\"284\" \/><\/a><\/p>\n<p><a href=\"http:\/\/www.constantinianorder.net\/wp-content\/uploads\/2015\/12\/DSC_0117.jpg\"><img loading=\"lazy\" decoding=\"async\" class=\"alignnone wp-image-20187\" src=\"http:\/\/www.constantinianorder.net\/wp-content\/uploads\/2015\/12\/DSC_0117-300x199.jpg\" alt=\"DSC_0117\" width=\"427\" height=\"283\" \/><\/a><\/p>\n","protected":false},"excerpt":{"rendered":"<p>Enna, diciembre de 2015. La presencia de las Reliquias del Santo Pont\u00edfice Juan pablo II caracteriz\u00f3 la ceremonia de apertura del Jubileo de la Misericordia convocado por Papa Francisco en la iglesia de San Marco en la ciudad de Enna.\u00a0La Santa Misa solemne fue presidida por el Rev. Padre Giuseppe Scrivano, p\u00e1rroco de San Francisco [&hellip;]<\/p>\n","protected":false},"author":1,"featured_media":0,"comment_status":"closed","ping_status":"open","sticky":false,"template":"","format":"standard","meta":{"footnotes":""},"categories":[167],"tags":[],"class_list":["post-20337","post","type-post","status-publish","format-standard","hentry","category-delegacion-de-la-sicilia"],"_links":{"self":[{"href":"https:\/\/svil.constantinianorder.com\/es\/wp-json\/wp\/v2\/posts\/20337","targetHints":{"allow":["GET"]}}],"collection":[{"href":"https:\/\/svil.constantinianorder.com\/es\/wp-json\/wp\/v2\/posts"}],"about":[{"href":"https:\/\/svil.constantinianorder.com\/es\/wp-json\/wp\/v2\/types\/post"}],"author":[{"embeddable":true,"href":"https:\/\/svil.constantinianorder.com\/es\/wp-json\/wp\/v2\/users\/1"}],"replies":[{"embeddable":true,"href":"https:\/\/svil.constantinianorder.com\/es\/wp-json\/wp\/v2\/comments?post=20337"}],"version-history":[{"count":1,"href":"https:\/\/svil.constantinianorder.com\/es\/wp-json\/wp\/v2\/posts\/20337\/revisions"}],"predecessor-version":[{"id":60949,"href":"https:\/\/svil.constantinianorder.com\/es\/wp-json\/wp\/v2\/posts\/20337\/revisions\/60949"}],"wp:attachment":[{"href":"https:\/\/svil.constantinianorder.com\/es\/wp-json\/wp\/v2\/media?parent=20337"}],"wp:term":[{"taxonomy":"category","embeddable":true,"href":"https:\/\/svil.constantinianorder.com\/es\/wp-json\/wp\/v2\/categories?post=20337"},{"taxonomy":"post_tag","embeddable":true,"href":"https:\/\/svil.constantinianorder.com\/es\/wp-json\/wp\/v2\/tags?post=20337"}],"curies":[{"name":"wp","href":"https:\/\/api.w.org\/{rel}","templated":true}]}}