{"id":20341,"date":"2015-12-19T10:17:17","date_gmt":"2015-12-19T10:17:17","guid":{"rendered":"http:\/\/www.constantinianorder.net\/?p=20341"},"modified":"2026-01-16T16:15:51","modified_gmt":"2026-01-16T16:15:51","slug":"segunda-semana-de-la-solidaridad-una-navidad-para-todos-3","status":"publish","type":"post","link":"https:\/\/svil.constantinianorder.com\/es\/segunda-semana-de-la-solidaridad-una-navidad-para-todos-3\/","title":{"rendered":"SEGUNDA SEMANA DE LA SOLIDARIDAD: \u201cUNA NAVIDAD PARA TODOS\u201d"},"content":{"rendered":"<p><strong><a href=\"http:\/\/www.constantinianorder.net\/wp-content\/uploads\/2015\/12\/imm43.png\"><img loading=\"lazy\" decoding=\"async\" class=\"alignleft wp-image-20197\" src=\"http:\/\/www.constantinianorder.net\/wp-content\/uploads\/2015\/12\/imm43-300x199.png\" alt=\"imm4\" width=\"273\" height=\"181\" \/><\/a><\/strong><\/p>\n<p><strong>Taurianova, 19 de diciembre de 2015. <\/strong>Segunda cita del proyecto solidario <strong>\u201cUna Navidad para todos\u201d, <\/strong>promovida por la Delegaci\u00f3n Calabria en favor de las personas indigentes que viven en una regi\u00f3n indicada por el Istat (Instituto Nacional de Estad\u00edstica) como la primera en Italia por pobreza absoluta. La entrega de los g\u00e9neros de primera necesidad fue posible gracias a la generosa colaboraci\u00f3n de Esselunga S.p.A., una de las principales cadenas italianas en el sector de la gran distribuci\u00f3n organizada, que en esta ocasi\u00f3n benefici\u00f3 la ciudad de Taurianova y concretamente la Parroquia de San Jos\u00e9, dirigida por Don Cosimo Saverio Furfaro. El p\u00e1rroco, durante la Santa Misa, agradeci\u00f3 reiteradamente la Delegaci\u00f3n por el gran gesto solidario demostrado con respecto a los \u201c\u00faltimos\u201d de su parroquia y por el concreto testimonio de fe ofrecido a estas familias. Presenciaron la ceremonia, adem\u00e1s del Delegado Vicario, los Caballeros de M\u00e9rito Rocco Gatto, Pasqualino Guerrisi y Rocco Prestipino, mientras que los Benem\u00e9ritos de la Delegaci\u00f3n fueros representados por Rocco Speranza.<\/p>\n<p><strong>\u00a0<\/strong><\/p>\n<p>&nbsp;<\/p>\n<p><!--more--><\/p>\n<p><a href=\"http:\/\/www.constantinianorder.net\/wp-content\/uploads\/2015\/12\/imm13.png\"><img loading=\"lazy\" decoding=\"async\" class=\"alignnone wp-image-20194\" src=\"http:\/\/www.constantinianorder.net\/wp-content\/uploads\/2015\/12\/imm13-300x199.png\" alt=\"imm1\" width=\"421\" height=\"279\" \/><\/a><\/p>\n<p><a href=\"http:\/\/www.constantinianorder.net\/wp-content\/uploads\/2015\/12\/imm23.png\"><img loading=\"lazy\" decoding=\"async\" class=\"alignnone wp-image-20195\" src=\"http:\/\/www.constantinianorder.net\/wp-content\/uploads\/2015\/12\/imm23-300x199.png\" alt=\"imm2\" width=\"421\" height=\"279\" \/><\/a><\/p>\n<p><a href=\"http:\/\/www.constantinianorder.net\/wp-content\/uploads\/2015\/12\/imm33.png\"><img loading=\"lazy\" decoding=\"async\" class=\"alignnone wp-image-20196\" src=\"http:\/\/www.constantinianorder.net\/wp-content\/uploads\/2015\/12\/imm33-300x199.png\" alt=\"imm3\" width=\"421\" height=\"279\" \/><\/a><\/p>\n<p><a href=\"http:\/\/www.constantinianorder.net\/wp-content\/uploads\/2015\/12\/imm43.png\"><img loading=\"lazy\" decoding=\"async\" class=\"alignnone wp-image-20197\" src=\"http:\/\/www.constantinianorder.net\/wp-content\/uploads\/2015\/12\/imm43-300x199.png\" alt=\"imm4\" width=\"419\" height=\"278\" \/><\/a><\/p>\n","protected":false},"excerpt":{"rendered":"<p>Taurianova, 19 de diciembre de 2015. Segunda cita del proyecto solidario \u201cUna Navidad para todos\u201d, promovida por la Delegaci\u00f3n Calabria en favor de las personas indigentes que viven en una regi\u00f3n indicada por el Istat (Instituto Nacional de Estad\u00edstica) como la primera en Italia por pobreza absoluta. La entrega de los g\u00e9neros de primera necesidad [&hellip;]<\/p>\n","protected":false},"author":1,"featured_media":0,"comment_status":"closed","ping_status":"open","sticky":false,"template":"","format":"standard","meta":{"footnotes":""},"categories":[162],"tags":[],"class_list":["post-20341","post","type-post","status-publish","format-standard","hentry","category-delegacion-de-la-calabria"],"_links":{"self":[{"href":"https:\/\/svil.constantinianorder.com\/es\/wp-json\/wp\/v2\/posts\/20341","targetHints":{"allow":["GET"]}}],"collection":[{"href":"https:\/\/svil.constantinianorder.com\/es\/wp-json\/wp\/v2\/posts"}],"about":[{"href":"https:\/\/svil.constantinianorder.com\/es\/wp-json\/wp\/v2\/types\/post"}],"author":[{"embeddable":true,"href":"https:\/\/svil.constantinianorder.com\/es\/wp-json\/wp\/v2\/users\/1"}],"replies":[{"embeddable":true,"href":"https:\/\/svil.constantinianorder.com\/es\/wp-json\/wp\/v2\/comments?post=20341"}],"version-history":[{"count":1,"href":"https:\/\/svil.constantinianorder.com\/es\/wp-json\/wp\/v2\/posts\/20341\/revisions"}],"predecessor-version":[{"id":60962,"href":"https:\/\/svil.constantinianorder.com\/es\/wp-json\/wp\/v2\/posts\/20341\/revisions\/60962"}],"wp:attachment":[{"href":"https:\/\/svil.constantinianorder.com\/es\/wp-json\/wp\/v2\/media?parent=20341"}],"wp:term":[{"taxonomy":"category","embeddable":true,"href":"https:\/\/svil.constantinianorder.com\/es\/wp-json\/wp\/v2\/categories?post=20341"},{"taxonomy":"post_tag","embeddable":true,"href":"https:\/\/svil.constantinianorder.com\/es\/wp-json\/wp\/v2\/tags?post=20341"}],"curies":[{"name":"wp","href":"https:\/\/api.w.org\/{rel}","templated":true}]}}