{"id":20514,"date":"2016-01-08T17:49:33","date_gmt":"2016-01-08T17:49:33","guid":{"rendered":"http:\/\/www.constantinianorder.net\/?p=20514"},"modified":"2026-01-16T15:33:28","modified_gmt":"2026-01-16T15:33:28","slug":"honorificencia-conferida-a-s-e-la-presidenta-de-la-republica-de-mauricio-ameenah-gurib-fakim","status":"publish","type":"post","link":"https:\/\/svil.constantinianorder.com\/es\/honorificencia-conferida-a-s-e-la-presidenta-de-la-republica-de-mauricio-ameenah-gurib-fakim\/","title":{"rendered":"HONORIFICENCIA CONFERIDA A S.E. LA PRESIDENTA DE LA REP\u00daBLICA DE MAURICIO AMEENAH GURIB-FAKIM"},"content":{"rendered":"<p><strong><a href=\"http:\/\/www.constantinianorder.net\/wp-content\/uploads\/2016\/01\/DSC_0359.jpg\"><img loading=\"lazy\" decoding=\"async\" class=\"alignleft wp-image-20497\" src=\"http:\/\/www.constantinianorder.net\/wp-content\/uploads\/2016\/01\/DSC_0359-300x282.jpg\" alt=\"DSC_0359\" width=\"241\" height=\"226\" \/><\/a><\/strong><\/p>\n<p><strong>Ch\u00e2teau<\/strong> <strong>de R\u00e9duit \u2013 Palacio Presidencial (Mauricio) 8 de Enero de 2016. S.A.R. el Pr\u00edncipe Carlos de Borb\u00f3n de las Dos Sicilias, duque de Castro y Gran Maestro <\/strong>confiri\u00f3, con decreto Motu Proprio del 1 de enero de 2016, la alta honorificencia de la <strong>Real Orden de Francisco I<\/strong>, con el grado de <strong>Dama de la Gran Cruz<\/strong>, a <strong>S.E. la Presidenta de la Rep\u00fablica de Mauricio<\/strong> <strong>Ameenah<\/strong> <strong>Gurib-Fakim, GCSK, CSK, PhD.<\/strong><\/p>\n<p>La <strong>Real Orden de Francisco<\/strong> <strong>I<\/strong> fue instituida en 1829 por <strong>S.M.<\/strong><strong> el Rey Francisco I<\/strong> con el objeto de recompensar el m\u00e9rito civil de quien hab\u00eda sobresalido en la literatura, en las ciencias y por particulares m\u00e9ritos adquiridos en virtud de una especial conducta para promover la salvaguardia de los derechos humanos.<\/p>\n<p><strong>S.E. la Presidenta de la Rep\u00fablica de Mauricio<\/strong> a trav\u00e9s de Su importante rol y por el trabajo desempe\u00f1ado como Cient\u00edfica experta en Biodiversidad, ha revelado los secretos nutritivos contenidos en las plantas de su Isla, un descubrimiento que ha producido innovaciones en \u00e1mbito m\u00e9dico y alimenticio.<\/p>\n<p><strong>\u00a0<\/strong><\/p>\n<p><!--more--><\/p>\n<p><a href=\"http:\/\/www.constantinianorder.net\/wp-content\/uploads\/2016\/01\/FOTO-S.A.R..jpg\"><img loading=\"lazy\" decoding=\"async\" class=\"alignnone  wp-image-20515\" src=\"http:\/\/www.constantinianorder.net\/wp-content\/uploads\/2016\/01\/FOTO-S.A.R.-300x201.jpg\" alt=\"FOTO S.A.R.\" width=\"463\" height=\"310\" \/><\/a><\/p>\n<p><a href=\"http:\/\/www.constantinianorder.net\/wp-content\/uploads\/2016\/01\/DSC_0359.jpg\"><img loading=\"lazy\" decoding=\"async\" class=\"alignnone wp-image-20497\" src=\"http:\/\/www.constantinianorder.net\/wp-content\/uploads\/2016\/01\/DSC_0359-300x282.jpg\" alt=\"DSC_0359\" width=\"407\" height=\"383\" \/><\/a><\/p>\n<p><a href=\"http:\/\/www.constantinianorder.net\/wp-content\/uploads\/2016\/01\/DSC_0372.jpg\"><img loading=\"lazy\" decoding=\"async\" class=\"alignnone wp-image-20499\" src=\"http:\/\/www.constantinianorder.net\/wp-content\/uploads\/2016\/01\/DSC_0372-300x205.jpg\" alt=\"DSC_0372\" width=\"455\" height=\"311\" \/><\/a><\/p>\n<p><a href=\"http:\/\/www.constantinianorder.net\/wp-content\/uploads\/2016\/01\/DSC_0372a.jpg\"><img loading=\"lazy\" decoding=\"async\" class=\"alignnone wp-image-20500\" src=\"http:\/\/www.constantinianorder.net\/wp-content\/uploads\/2016\/01\/DSC_0372a-300x200.jpg\" alt=\"DSC_0372a\" width=\"452\" height=\"301\" \/><\/a><\/p>\n<p><a href=\"http:\/\/www.constantinianorder.net\/wp-content\/uploads\/2016\/01\/DSC_0383.jpg\"><img loading=\"lazy\" decoding=\"async\" class=\"alignnone wp-image-20502\" src=\"http:\/\/www.constantinianorder.net\/wp-content\/uploads\/2016\/01\/DSC_0383-300x202.jpg\" alt=\"DSC_0383\" width=\"451\" height=\"304\" \/><\/a><\/p>\n<p><a href=\"http:\/\/www.constantinianorder.net\/wp-content\/uploads\/2016\/01\/DSC_0389.jpg\"><img loading=\"lazy\" decoding=\"async\" class=\"alignnone wp-image-20503\" src=\"http:\/\/www.constantinianorder.net\/wp-content\/uploads\/2016\/01\/DSC_0389-300x203.jpg\" alt=\"DSC_0389\" width=\"448\" height=\"303\" \/><\/a><\/p>\n<p><a href=\"http:\/\/www.constantinianorder.net\/wp-content\/uploads\/2016\/01\/DSC_0393.jpg\"><img loading=\"lazy\" decoding=\"async\" class=\"alignnone wp-image-20504\" src=\"http:\/\/www.constantinianorder.net\/wp-content\/uploads\/2016\/01\/DSC_0393-300x211.jpg\" alt=\"DSC_0393\" width=\"444\" height=\"312\" \/><\/a><\/p>\n<p><a href=\"http:\/\/www.constantinianorder.net\/wp-content\/uploads\/2016\/01\/DSC_0397.jpg\"><img loading=\"lazy\" decoding=\"async\" class=\"alignnone wp-image-20505\" src=\"http:\/\/www.constantinianorder.net\/wp-content\/uploads\/2016\/01\/DSC_0397-300x202.jpg\" alt=\"DSC_0397\" width=\"443\" height=\"298\" \/><\/a><\/p>\n<p><a href=\"http:\/\/www.constantinianorder.net\/wp-content\/uploads\/2016\/01\/DSC_0409.jpg\"><img loading=\"lazy\" decoding=\"async\" class=\"alignnone wp-image-20506\" src=\"http:\/\/www.constantinianorder.net\/wp-content\/uploads\/2016\/01\/DSC_0409-300x204.jpg\" alt=\"DSC_0409\" width=\"440\" height=\"299\" \/><\/a><\/p>\n","protected":false},"excerpt":{"rendered":"<p>Ch\u00e2teau de R\u00e9duit \u2013 Palacio Presidencial (Mauricio) 8 de Enero de 2016. S.A.R. el Pr\u00edncipe Carlos de Borb\u00f3n de las Dos Sicilias, duque de Castro y Gran Maestro confiri\u00f3, con decreto Motu Proprio del 1 de enero de 2016, la alta honorificencia de la Real Orden de Francisco I, con el grado de Dama de [&hellip;]<\/p>\n","protected":false},"author":1,"featured_media":0,"comment_status":"closed","ping_status":"open","sticky":false,"template":"","format":"standard","meta":{"footnotes":""},"categories":[187],"tags":[],"class_list":["post-20514","post","type-post","status-publish","format-standard","hentry","category-comunicados-del-gran-magisterio"],"_links":{"self":[{"href":"https:\/\/svil.constantinianorder.com\/es\/wp-json\/wp\/v2\/posts\/20514","targetHints":{"allow":["GET"]}}],"collection":[{"href":"https:\/\/svil.constantinianorder.com\/es\/wp-json\/wp\/v2\/posts"}],"about":[{"href":"https:\/\/svil.constantinianorder.com\/es\/wp-json\/wp\/v2\/types\/post"}],"author":[{"embeddable":true,"href":"https:\/\/svil.constantinianorder.com\/es\/wp-json\/wp\/v2\/users\/1"}],"replies":[{"embeddable":true,"href":"https:\/\/svil.constantinianorder.com\/es\/wp-json\/wp\/v2\/comments?post=20514"}],"version-history":[{"count":1,"href":"https:\/\/svil.constantinianorder.com\/es\/wp-json\/wp\/v2\/posts\/20514\/revisions"}],"predecessor-version":[{"id":59432,"href":"https:\/\/svil.constantinianorder.com\/es\/wp-json\/wp\/v2\/posts\/20514\/revisions\/59432"}],"wp:attachment":[{"href":"https:\/\/svil.constantinianorder.com\/es\/wp-json\/wp\/v2\/media?parent=20514"}],"wp:term":[{"taxonomy":"category","embeddable":true,"href":"https:\/\/svil.constantinianorder.com\/es\/wp-json\/wp\/v2\/categories?post=20514"},{"taxonomy":"post_tag","embeddable":true,"href":"https:\/\/svil.constantinianorder.com\/es\/wp-json\/wp\/v2\/tags?post=20514"}],"curies":[{"name":"wp","href":"https:\/\/api.w.org\/{rel}","templated":true}]}}