{"id":20638,"date":"2016-01-31T11:13:28","date_gmt":"2016-01-31T11:13:28","guid":{"rendered":"http:\/\/www.constantinianorder.net\/?p=20638"},"modified":"2026-02-05T14:13:48","modified_gmt":"2026-02-05T14:13:48","slug":"donacion-de-prendas-de-vestir-a-la-caritas-diocesana-de-san-marino","status":"publish","type":"post","link":"https:\/\/svil.constantinianorder.com\/es\/donacion-de-prendas-de-vestir-a-la-caritas-diocesana-de-san-marino\/","title":{"rendered":"DONACI\u00d3N DE PRENDAS DE VESTIR A LA CARITAS DIOCESANA DE SAN MARINO"},"content":{"rendered":"<p><strong><a href=\"http:\/\/www.constantinianorder.net\/wp-content\/uploads\/2016\/02\/Attachment-1.jpeg\"><img loading=\"lazy\" decoding=\"async\" class=\"alignleft wp-image-20628\" src=\"http:\/\/www.constantinianorder.net\/wp-content\/uploads\/2016\/02\/Attachment-1-300x300.jpeg\" alt=\"Attachment-1\" width=\"243\" height=\"243\" \/><\/a><\/strong><\/p>\n<p><strong>San Marino, 31 de enero de 2016. <\/strong>La Delegaci\u00f3n de la Sagrada Orden Militar Constantiniana de San Jorge de la Seren\u00edsima Rep\u00fablica de San Marino, procedi\u00f3 a entregar a la Caritas diocesana de San Marino una ingente cantidad de prendas de vestir y mantas para contribuir a satisfacer las exigencias de las familias indigentes.\u00a0Este evento obedece a las finalidades del proyecto <em>\u201cEl Hambre de nuestro Vecino\u201d <\/em>fuertemente querido por el Gran Maestro S.A.R. el Pr\u00edncipe Carlos de Borb\u00f3n de las Dos Sicilias.<\/p>\n<p>&nbsp;<\/p>\n<p>&nbsp;<\/p>\n<p>&nbsp;<\/p>\n<p><!--more--><\/p>\n<p><a href=\"http:\/\/www.constantinianorder.net\/wp-content\/uploads\/2016\/02\/Attachment-1.jpeg\"><img loading=\"lazy\" decoding=\"async\" class=\"alignnone  wp-image-20628\" src=\"http:\/\/www.constantinianorder.net\/wp-content\/uploads\/2016\/02\/Attachment-1-300x300.jpeg\" alt=\"Attachment-1\" width=\"419\" height=\"419\" \/><\/a><\/p>\n","protected":false},"excerpt":{"rendered":"<p>San Marino, 31 de enero de 2016. La Delegaci\u00f3n de la Sagrada Orden Militar Constantiniana de San Jorge de la Seren\u00edsima Rep\u00fablica de San Marino, procedi\u00f3 a entregar a la Caritas diocesana de San Marino una ingente cantidad de prendas de vestir y mantas para contribuir a satisfacer las exigencias de las familias indigentes.\u00a0Este evento [&hellip;]<\/p>\n","protected":false},"author":1,"featured_media":0,"comment_status":"closed","ping_status":"open","sticky":false,"template":"","format":"standard","meta":{"footnotes":""},"categories":[293],"tags":[],"class_list":["post-20638","post","type-post","status-publish","format-standard","hentry","category-delegacion-de-san-marino"],"_links":{"self":[{"href":"https:\/\/svil.constantinianorder.com\/es\/wp-json\/wp\/v2\/posts\/20638","targetHints":{"allow":["GET"]}}],"collection":[{"href":"https:\/\/svil.constantinianorder.com\/es\/wp-json\/wp\/v2\/posts"}],"about":[{"href":"https:\/\/svil.constantinianorder.com\/es\/wp-json\/wp\/v2\/types\/post"}],"author":[{"embeddable":true,"href":"https:\/\/svil.constantinianorder.com\/es\/wp-json\/wp\/v2\/users\/1"}],"replies":[{"embeddable":true,"href":"https:\/\/svil.constantinianorder.com\/es\/wp-json\/wp\/v2\/comments?post=20638"}],"version-history":[{"count":1,"href":"https:\/\/svil.constantinianorder.com\/es\/wp-json\/wp\/v2\/posts\/20638\/revisions"}],"predecessor-version":[{"id":59468,"href":"https:\/\/svil.constantinianorder.com\/es\/wp-json\/wp\/v2\/posts\/20638\/revisions\/59468"}],"wp:attachment":[{"href":"https:\/\/svil.constantinianorder.com\/es\/wp-json\/wp\/v2\/media?parent=20638"}],"wp:term":[{"taxonomy":"category","embeddable":true,"href":"https:\/\/svil.constantinianorder.com\/es\/wp-json\/wp\/v2\/categories?post=20638"},{"taxonomy":"post_tag","embeddable":true,"href":"https:\/\/svil.constantinianorder.com\/es\/wp-json\/wp\/v2\/tags?post=20638"}],"curies":[{"name":"wp","href":"https:\/\/api.w.org\/{rel}","templated":true}]}}