{"id":20814,"date":"2016-02-26T13:36:00","date_gmt":"2016-02-26T13:36:00","guid":{"rendered":"http:\/\/www.constantinianorder.net\/?p=20814"},"modified":"2026-01-16T15:34:08","modified_gmt":"2026-01-16T15:34:08","slug":"via-crucis-en-mesina","status":"publish","type":"post","link":"https:\/\/svil.constantinianorder.com\/es\/via-crucis-en-mesina\/","title":{"rendered":"VIA CRUCIS EN MESINA"},"content":{"rendered":"<p><strong><a href=\"http:\/\/www.constantinianorder.net\/wp-content\/uploads\/2016\/03\/foto-2.jpg\"><img loading=\"lazy\" decoding=\"async\" class=\"alignleft wp-image-20781\" src=\"http:\/\/www.constantinianorder.net\/wp-content\/uploads\/2016\/03\/foto-2-300x225.jpg\" alt=\"foto 2\" width=\"284\" height=\"213\" \/><\/a><\/strong><\/p>\n<p><strong>Mesina,<\/strong> <strong>26 de febrero de 2016.<\/strong> En el espl\u00e9ndido marco de la Iglesia de S. Giuseppe al Palazzo, de via Cesare Battisti en Mesina, se celebr\u00f3 el Via Crucis al cual particip\u00f3 la Sagrada Orden Militar Constantiniana de San Jorge.\u00a0Presenci\u00f3 tambi\u00e9n el Rector y Caballero Eclesi\u00e1stico de Gracia, Mons. Mario Di Pietro, que plante\u00f3 algunas reflexiones al respecto.\u00a0Los numerosos fieles, que intervinieron con la Noble Archicofrad\u00eda de Mar\u00eda Sant\u00edsima de los Catalanes, revivieron espiritualmente el camino doloroso del Calvario, a trav\u00e9s de un intenso y sentido momento de oraci\u00f3n y meditaci\u00f3n sobre la pasi\u00f3n y la muerte de Cristo.<\/p>\n<p>&nbsp;<\/p>\n<p><!--more--><\/p>\n<p><a href=\"http:\/\/www.constantinianorder.net\/wp-content\/uploads\/2016\/03\/foto-1.jpg\"><img loading=\"lazy\" decoding=\"async\" class=\"alignnone wp-image-20780\" src=\"http:\/\/www.constantinianorder.net\/wp-content\/uploads\/2016\/03\/foto-1-300x225.jpg\" alt=\"foto 1\" width=\"453\" height=\"340\" \/><\/a><\/p>\n<p><a href=\"http:\/\/www.constantinianorder.net\/wp-content\/uploads\/2016\/03\/foto-2.jpg\"><img loading=\"lazy\" decoding=\"async\" class=\"alignnone wp-image-20781\" src=\"http:\/\/www.constantinianorder.net\/wp-content\/uploads\/2016\/03\/foto-2-300x225.jpg\" alt=\"foto 2\" width=\"451\" height=\"338\" \/><\/a><\/p>\n","protected":false},"excerpt":{"rendered":"<p>Mesina, 26 de febrero de 2016. En el espl\u00e9ndido marco de la Iglesia de S. Giuseppe al Palazzo, de via Cesare Battisti en Mesina, se celebr\u00f3 el Via Crucis al cual particip\u00f3 la Sagrada Orden Militar Constantiniana de San Jorge.\u00a0Presenci\u00f3 tambi\u00e9n el Rector y Caballero Eclesi\u00e1stico de Gracia, Mons. Mario Di Pietro, que plante\u00f3 algunas [&hellip;]<\/p>\n","protected":false},"author":1,"featured_media":0,"comment_status":"closed","ping_status":"open","sticky":false,"template":"","format":"standard","meta":{"footnotes":""},"categories":[167],"tags":[],"class_list":["post-20814","post","type-post","status-publish","format-standard","hentry","category-delegacion-de-la-sicilia"],"_links":{"self":[{"href":"https:\/\/svil.constantinianorder.com\/es\/wp-json\/wp\/v2\/posts\/20814","targetHints":{"allow":["GET"]}}],"collection":[{"href":"https:\/\/svil.constantinianorder.com\/es\/wp-json\/wp\/v2\/posts"}],"about":[{"href":"https:\/\/svil.constantinianorder.com\/es\/wp-json\/wp\/v2\/types\/post"}],"author":[{"embeddable":true,"href":"https:\/\/svil.constantinianorder.com\/es\/wp-json\/wp\/v2\/users\/1"}],"replies":[{"embeddable":true,"href":"https:\/\/svil.constantinianorder.com\/es\/wp-json\/wp\/v2\/comments?post=20814"}],"version-history":[{"count":1,"href":"https:\/\/svil.constantinianorder.com\/es\/wp-json\/wp\/v2\/posts\/20814\/revisions"}],"predecessor-version":[{"id":59525,"href":"https:\/\/svil.constantinianorder.com\/es\/wp-json\/wp\/v2\/posts\/20814\/revisions\/59525"}],"wp:attachment":[{"href":"https:\/\/svil.constantinianorder.com\/es\/wp-json\/wp\/v2\/media?parent=20814"}],"wp:term":[{"taxonomy":"category","embeddable":true,"href":"https:\/\/svil.constantinianorder.com\/es\/wp-json\/wp\/v2\/categories?post=20814"},{"taxonomy":"post_tag","embeddable":true,"href":"https:\/\/svil.constantinianorder.com\/es\/wp-json\/wp\/v2\/tags?post=20814"}],"curies":[{"name":"wp","href":"https:\/\/api.w.org\/{rel}","templated":true}]}}