{"id":20816,"date":"2016-03-13T12:01:25","date_gmt":"2016-03-13T12:01:25","guid":{"rendered":"http:\/\/www.constantinianorder.net\/?p=20816"},"modified":"2026-01-16T15:34:36","modified_gmt":"2026-01-16T15:34:36","slug":"celebracion-eucaristica-en-sufragio-de-los-caidos-por-la-defensa-de-la-ciudadela-real","status":"publish","type":"post","link":"https:\/\/svil.constantinianorder.com\/es\/celebracion-eucaristica-en-sufragio-de-los-caidos-por-la-defensa-de-la-ciudadela-real\/","title":{"rendered":"CELEBRACI\u00d3N EUCAR\u00cdSTICA EN SUFRAGIO DE LOS CA\u00cdDOS POR LA DEFENSA DE LA CIUDADELA REAL"},"content":{"rendered":"<p><strong><a href=\"http:\/\/www.constantinianorder.net\/wp-content\/uploads\/2016\/03\/messina-1.jpg\"><img loading=\"lazy\" decoding=\"async\" class=\"alignleft wp-image-20775\" src=\"http:\/\/www.constantinianorder.net\/wp-content\/uploads\/2016\/03\/messina-1-300x225.jpg\" alt=\"messina 1\" width=\"280\" height=\"210\" \/><\/a><\/strong><\/p>\n<p><strong>Mesina,<\/strong> <strong>13 de marzo de 2016.<\/strong> En la Iglesia de San Giuseppe a Palazzo de via C. Battisti en Mesina, el Rector Mons. Mario Di Pietro, Capell\u00e1n Constantiniano, ofici\u00f3 la Celebraci\u00f3n Eucar\u00edstica en sufragio de los ca\u00eddos por la heroica defensa de la Ciudadela Real en el 155 Aniversario.\u00a0La celebraci\u00f3n tuvo lugar en presencia de una representaci\u00f3n de la Sagrada Orden Militar Constantiniana de San Jorge \u2013 Coordinaci\u00f3n de Mesina y de la provincia.\u00a0Al final de la funci\u00f3n religiosa, fue depositado un homenaje floral frente a la estatua de Carlos de Borb\u00f3n, 1<sup>er<\/sup> Rey del Reino de las Dos Sicilias, y luego los presentes visitaron la Ciudadela Real, dejando una corona de flores en memoria de los Ca\u00eddos.<\/p>\n<p>&nbsp;<\/p>\n<p><!--more--><\/p>\n<p><a href=\"http:\/\/www.constantinianorder.net\/wp-content\/uploads\/2016\/03\/messina-1.jpg\"><img loading=\"lazy\" decoding=\"async\" class=\"alignnone  wp-image-20775\" src=\"http:\/\/www.constantinianorder.net\/wp-content\/uploads\/2016\/03\/messina-1-300x225.jpg\" alt=\"messina 1\" width=\"425\" height=\"319\" \/><\/a><\/p>\n","protected":false},"excerpt":{"rendered":"<p>Mesina, 13 de marzo de 2016. En la Iglesia de San Giuseppe a Palazzo de via C. Battisti en Mesina, el Rector Mons. Mario Di Pietro, Capell\u00e1n Constantiniano, ofici\u00f3 la Celebraci\u00f3n Eucar\u00edstica en sufragio de los ca\u00eddos por la heroica defensa de la Ciudadela Real en el 155 Aniversario.\u00a0La celebraci\u00f3n tuvo lugar en presencia de [&hellip;]<\/p>\n","protected":false},"author":1,"featured_media":0,"comment_status":"closed","ping_status":"open","sticky":false,"template":"","format":"standard","meta":{"footnotes":""},"categories":[167],"tags":[],"class_list":["post-20816","post","type-post","status-publish","format-standard","hentry","category-delegacion-de-la-sicilia"],"_links":{"self":[{"href":"https:\/\/svil.constantinianorder.com\/es\/wp-json\/wp\/v2\/posts\/20816","targetHints":{"allow":["GET"]}}],"collection":[{"href":"https:\/\/svil.constantinianorder.com\/es\/wp-json\/wp\/v2\/posts"}],"about":[{"href":"https:\/\/svil.constantinianorder.com\/es\/wp-json\/wp\/v2\/types\/post"}],"author":[{"embeddable":true,"href":"https:\/\/svil.constantinianorder.com\/es\/wp-json\/wp\/v2\/users\/1"}],"replies":[{"embeddable":true,"href":"https:\/\/svil.constantinianorder.com\/es\/wp-json\/wp\/v2\/comments?post=20816"}],"version-history":[{"count":1,"href":"https:\/\/svil.constantinianorder.com\/es\/wp-json\/wp\/v2\/posts\/20816\/revisions"}],"predecessor-version":[{"id":59588,"href":"https:\/\/svil.constantinianorder.com\/es\/wp-json\/wp\/v2\/posts\/20816\/revisions\/59588"}],"wp:attachment":[{"href":"https:\/\/svil.constantinianorder.com\/es\/wp-json\/wp\/v2\/media?parent=20816"}],"wp:term":[{"taxonomy":"category","embeddable":true,"href":"https:\/\/svil.constantinianorder.com\/es\/wp-json\/wp\/v2\/categories?post=20816"},{"taxonomy":"post_tag","embeddable":true,"href":"https:\/\/svil.constantinianorder.com\/es\/wp-json\/wp\/v2\/tags?post=20816"}],"curies":[{"name":"wp","href":"https:\/\/api.w.org\/{rel}","templated":true}]}}