{"id":20905,"date":"2016-03-24T09:00:23","date_gmt":"2016-03-24T09:00:23","guid":{"rendered":"http:\/\/www.constantinianorder.net\/?p=20905"},"modified":"2026-01-16T15:34:38","modified_gmt":"2026-01-16T15:34:38","slug":"nuevas-migas-de-salud-en-el-centro-comercial-baby-en-palermo","status":"publish","type":"post","link":"https:\/\/svil.constantinianorder.com\/es\/nuevas-migas-de-salud-en-el-centro-comercial-baby-en-palermo\/","title":{"rendered":"\u201cNUEVAS MIGAS DE SALUD\u201d EN EL CENTRO COMERCIAL BABY EN PALERMO"},"content":{"rendered":"<p><strong><a href=\"http:\/\/www.constantinianorder.net\/wp-content\/uploads\/2016\/03\/foto.jpg\"><img loading=\"lazy\" decoding=\"async\" class=\"alignleft wp-image-20822 \" src=\"http:\/\/www.constantinianorder.net\/wp-content\/uploads\/2016\/03\/foto-300x190.jpg\" alt=\"foto\" width=\"285\" height=\"180\" \/><\/a><\/strong><\/p>\n<p><strong>Palermo, 24 de marzo de 2016. <\/strong>La Delegaci\u00f3n de Sicilia, con el Delegado Vicario Noble Lic. Antonio di Janni y algunos caballeros y damas de la Orden, a trav\u00e9s del proyecto \u201cNuevas Migas de Salud\u201d organiz\u00f3 una recogida de g\u00e9neros alimenticios en el Centro Comercial Baby en Palermo.\u00a0Todos los interesados donaron bienes de primera necesidad para las familias m\u00e1s indigentes, entre los cuales: fideos para sopa, homogeneizados, leche l\u00edquida, bizcochos, pa\u00f1ales.<\/p>\n<p><strong>\u00a0<\/strong><\/p>\n<p>&nbsp;<\/p>\n<p><!--more--><\/p>\n<p><a href=\"http:\/\/www.constantinianorder.net\/wp-content\/uploads\/2016\/03\/imm.png\"><img loading=\"lazy\" decoding=\"async\" class=\"alignnone wp-image-20811\" src=\"http:\/\/www.constantinianorder.net\/wp-content\/uploads\/2016\/03\/imm-194x300.png\" alt=\"imm\" width=\"348\" height=\"539\" \/><\/a><\/p>\n<p><a href=\"http:\/\/www.constantinianorder.net\/wp-content\/uploads\/2016\/03\/foto.jpg\"><img loading=\"lazy\" decoding=\"async\" class=\"alignnone wp-image-20822\" src=\"http:\/\/www.constantinianorder.net\/wp-content\/uploads\/2016\/03\/foto-300x190.jpg\" alt=\"foto\" width=\"505\" height=\"320\" \/><\/a><\/p>\n","protected":false},"excerpt":{"rendered":"<p>Palermo, 24 de marzo de 2016. La Delegaci\u00f3n de Sicilia, con el Delegado Vicario Noble Lic. Antonio di Janni y algunos caballeros y damas de la Orden, a trav\u00e9s del proyecto \u201cNuevas Migas de Salud\u201d organiz\u00f3 una recogida de g\u00e9neros alimenticios en el Centro Comercial Baby en Palermo.\u00a0Todos los interesados donaron bienes de primera necesidad [&hellip;]<\/p>\n","protected":false},"author":1,"featured_media":0,"comment_status":"closed","ping_status":"open","sticky":false,"template":"","format":"standard","meta":{"footnotes":""},"categories":[167],"tags":[],"class_list":["post-20905","post","type-post","status-publish","format-standard","hentry","category-delegacion-de-la-sicilia"],"_links":{"self":[{"href":"https:\/\/svil.constantinianorder.com\/es\/wp-json\/wp\/v2\/posts\/20905","targetHints":{"allow":["GET"]}}],"collection":[{"href":"https:\/\/svil.constantinianorder.com\/es\/wp-json\/wp\/v2\/posts"}],"about":[{"href":"https:\/\/svil.constantinianorder.com\/es\/wp-json\/wp\/v2\/types\/post"}],"author":[{"embeddable":true,"href":"https:\/\/svil.constantinianorder.com\/es\/wp-json\/wp\/v2\/users\/1"}],"replies":[{"embeddable":true,"href":"https:\/\/svil.constantinianorder.com\/es\/wp-json\/wp\/v2\/comments?post=20905"}],"version-history":[{"count":1,"href":"https:\/\/svil.constantinianorder.com\/es\/wp-json\/wp\/v2\/posts\/20905\/revisions"}],"predecessor-version":[{"id":59597,"href":"https:\/\/svil.constantinianorder.com\/es\/wp-json\/wp\/v2\/posts\/20905\/revisions\/59597"}],"wp:attachment":[{"href":"https:\/\/svil.constantinianorder.com\/es\/wp-json\/wp\/v2\/media?parent=20905"}],"wp:term":[{"taxonomy":"category","embeddable":true,"href":"https:\/\/svil.constantinianorder.com\/es\/wp-json\/wp\/v2\/categories?post=20905"},{"taxonomy":"post_tag","embeddable":true,"href":"https:\/\/svil.constantinianorder.com\/es\/wp-json\/wp\/v2\/tags?post=20905"}],"curies":[{"name":"wp","href":"https:\/\/api.w.org\/{rel}","templated":true}]}}