{"id":22671,"date":"2016-11-28T11:15:01","date_gmt":"2016-11-28T11:15:01","guid":{"rendered":"http:\/\/www.constantinianorder.net\/?p=22671"},"modified":"2026-01-16T15:46:19","modified_gmt":"2026-01-16T15:46:19","slug":"viena-entrega-de-indumentaria","status":"publish","type":"post","link":"https:\/\/svil.constantinianorder.com\/es\/viena-entrega-de-indumentaria\/","title":{"rendered":"VIENA \u2013 ENTREGA DE INDUMENTARIA"},"content":{"rendered":"<p><strong>Viena, 26 de noviembre de 2016 \u2013 <\/strong>El Delegado para Austria, Hon. C\u00f3nsul General Dr. Wolfgang Andreas Breitenthaler-Breitenthal, entreg\u00f3 por cuenta de la Orden m\u00e1s de 700 art\u00edculos de vestir para las personas sin hogar a la C\u00e1ritas de la Arquidi\u00f3cesis de Viena, despu\u00e9s de una Santa Misa celebrada en la Abad\u00eda de Eisgarn a la que asistieron numerosos Caballeros y Damas.<br \/>\nLa entrega de este material forma parte del programa \u201cEl hambre de nuestro vecino\u201d, fuertemente impulsado por S.A.R. Carlos de Borb\u00f3n de las Dos Sicilias, Duque de Castro y Gran Maestro.<\/p>\n<p><img loading=\"lazy\" decoding=\"async\" class=\"alignleft size-medium wp-image-21863\" src=\"http:\/\/constantinianorder.net\/wp-content\/uploads\/2016\/11\/IMG_0132-225x300.jpg\" alt=\"img_0132\" width=\"225\" height=\"300\" \/><\/p>\n","protected":false},"excerpt":{"rendered":"<p>Viena, 26 de noviembre de 2016 \u2013 El Delegado para Austria, Hon. C\u00f3nsul General Dr. Wolfgang Andreas Breitenthaler-Breitenthal, entreg\u00f3 por cuenta de la Orden m\u00e1s de 700 art\u00edculos de vestir para las personas sin hogar a la C\u00e1ritas de la Arquidi\u00f3cesis de Viena, despu\u00e9s de una Santa Misa celebrada en la Abad\u00eda de Eisgarn a [&hellip;]<\/p>\n","protected":false},"author":1,"featured_media":0,"comment_status":"closed","ping_status":"open","sticky":false,"template":"","format":"standard","meta":{"footnotes":""},"categories":[380],"tags":[],"class_list":["post-22671","post","type-post","status-publish","format-standard","hentry","category-delegacion-de-austria"],"_links":{"self":[{"href":"https:\/\/svil.constantinianorder.com\/es\/wp-json\/wp\/v2\/posts\/22671","targetHints":{"allow":["GET"]}}],"collection":[{"href":"https:\/\/svil.constantinianorder.com\/es\/wp-json\/wp\/v2\/posts"}],"about":[{"href":"https:\/\/svil.constantinianorder.com\/es\/wp-json\/wp\/v2\/types\/post"}],"author":[{"embeddable":true,"href":"https:\/\/svil.constantinianorder.com\/es\/wp-json\/wp\/v2\/users\/1"}],"replies":[{"embeddable":true,"href":"https:\/\/svil.constantinianorder.com\/es\/wp-json\/wp\/v2\/comments?post=22671"}],"version-history":[{"count":1,"href":"https:\/\/svil.constantinianorder.com\/es\/wp-json\/wp\/v2\/posts\/22671\/revisions"}],"predecessor-version":[{"id":59894,"href":"https:\/\/svil.constantinianorder.com\/es\/wp-json\/wp\/v2\/posts\/22671\/revisions\/59894"}],"wp:attachment":[{"href":"https:\/\/svil.constantinianorder.com\/es\/wp-json\/wp\/v2\/media?parent=22671"}],"wp:term":[{"taxonomy":"category","embeddable":true,"href":"https:\/\/svil.constantinianorder.com\/es\/wp-json\/wp\/v2\/categories?post=22671"},{"taxonomy":"post_tag","embeddable":true,"href":"https:\/\/svil.constantinianorder.com\/es\/wp-json\/wp\/v2\/tags?post=22671"}],"curies":[{"name":"wp","href":"https:\/\/api.w.org\/{rel}","templated":true}]}}