{"id":23344,"date":"2017-05-04T15:52:34","date_gmt":"2017-05-04T15:52:34","guid":{"rendered":"http:\/\/www.constantinianorder.net\/?p=23344"},"modified":"2026-01-15T17:56:59","modified_gmt":"2026-01-15T17:56:59","slug":"calabria-mes-de-mayo","status":"publish","type":"post","link":"https:\/\/svil.constantinianorder.com\/es\/calabria-mes-de-mayo\/","title":{"rendered":"CALABRIA &#8211; MES DE MAYO"},"content":{"rendered":"<p><strong><img loading=\"lazy\" decoding=\"async\" class=\"alignleft size-medium wp-image-23176\" src=\"http:\/\/constantinianorder.net\/wp-content\/uploads\/2017\/05\/18157287_403873559983067_1802355326083045114_n-300x225.jpg\" alt=\"18157287_403873559983067_1802355326083045114_n\" width=\"300\" height=\"225\" \/><\/strong><\/p>\n<p>Calabria &#8211; El pasado 27 de abril S.A.R. Princesa Beatriz de Borb\u00f3n de las Dos Sicilias viaj\u00f3 a Calabria para una serie de reuniones institucionales.<\/p>\n<p>Despu\u00e9s de asistir a la primera jornada de la Conferencia de Estudios \u201cLa antig\u00fcedad del Reino, la arqueolog\u00eda, la conservaci\u00f3n y la restauraci\u00f3n en el sur de Italia antes de la unificaci\u00f3n\u201d que se celebr\u00f3 en el Museo Arqueol\u00f3gico Nacional de Reggio Calabria del 26 al 29 de abril de 2017, S.A.R. Gran Prefecto visit\u00f3 la Direcci\u00f3n Mar\u00edtima de Reggio Calabria.<\/p>\n<p><strong>\u00a0<\/strong><\/p>\n<p><!--more--><\/p>\n<p>Aqu\u00ed fue recibida por el Comandante, Capit\u00e1n de Nav\u00edo Giancarlo Russo, quien ilustr\u00f3 las muchas actividades llevadas a cabo en el amplio territorio sobre el cual tiene jurisdicci\u00f3n (todo el Mar Tirreno de Calabria y Basilicata, sirvi\u00e9ndose de las distintas autoridades portuarias y otras estructuras perif\u00e9ricas), las miles de intervenciones en que est\u00e1n involucrados los militares en el control y rescate en el mar, la protecci\u00f3n del medio ambiente, la gesti\u00f3n de los desembarques de migrantes, el control de la zona costera y un sinn\u00famero de otras actividades. Por estas razones, S.A.R. Princesa Beatriz otorg\u00f3 la Medalla de Oro al M\u00e9rito de la Orden Constantiniana a esta Direcci\u00f3n Mar\u00edtima.<\/p>\n<p>Los representantes de la delegaci\u00f3n de Calabria asistieron, el 2 de mayo, en el aniversario de Santa Caterina da Siena, patrona del Cuerpo de Enfermeras Voluntarias de la Cruz Roja Italiana, a la Santa Misa celebrada en la Iglesia de Santa Maria en la ciudad de Vibo Valentia.<\/p>\n<p><img loading=\"lazy\" decoding=\"async\" class=\"alignleft size-medium wp-image-23175\" src=\"http:\/\/constantinianorder.net\/wp-content\/uploads\/2017\/05\/Foto-300x200.jpg\" alt=\"Foto\" width=\"300\" height=\"200\" \/><\/p>\n<p>A esta importante ceremonia religiosa asistieron varias autoridades civiles, militares y religiosas, incluyendo S.E. el Prefecto de Vibo Valentia, el Comandante Provincial de los Carabineros, los l\u00edderes militares locales y muchos representantes de los municipios y las asociaciones de voluntarios de la provincia de Vibo Valentia.<\/p>\n<p>Los representantes de la Delegaci\u00f3n, invitados por el gran trabajo voluntario realizado en el territorio, participaron en este evento encabezados por el Delegado Vicario, Dr. Aurelio Badolati, Comendador de M\u00e9rito con Placa.<\/p>\n<p>&nbsp;<\/p>\n","protected":false},"excerpt":{"rendered":"<p>Calabria &#8211; El pasado 27 de abril S.A.R. Princesa Beatriz de Borb\u00f3n de las Dos Sicilias viaj\u00f3 a Calabria para una serie de reuniones institucionales. Despu\u00e9s de asistir a la primera jornada de la Conferencia de Estudios \u201cLa antig\u00fcedad del Reino, la arqueolog\u00eda, la conservaci\u00f3n y la restauraci\u00f3n en el sur de Italia antes de [&hellip;]<\/p>\n","protected":false},"author":1,"featured_media":0,"comment_status":"closed","ping_status":"open","sticky":false,"template":"","format":"standard","meta":{"footnotes":""},"categories":[162],"tags":[],"class_list":["post-23344","post","type-post","status-publish","format-standard","hentry","category-delegacion-de-la-calabria"],"_links":{"self":[{"href":"https:\/\/svil.constantinianorder.com\/es\/wp-json\/wp\/v2\/posts\/23344","targetHints":{"allow":["GET"]}}],"collection":[{"href":"https:\/\/svil.constantinianorder.com\/es\/wp-json\/wp\/v2\/posts"}],"about":[{"href":"https:\/\/svil.constantinianorder.com\/es\/wp-json\/wp\/v2\/types\/post"}],"author":[{"embeddable":true,"href":"https:\/\/svil.constantinianorder.com\/es\/wp-json\/wp\/v2\/users\/1"}],"replies":[{"embeddable":true,"href":"https:\/\/svil.constantinianorder.com\/es\/wp-json\/wp\/v2\/comments?post=23344"}],"version-history":[{"count":1,"href":"https:\/\/svil.constantinianorder.com\/es\/wp-json\/wp\/v2\/posts\/23344\/revisions"}],"predecessor-version":[{"id":59112,"href":"https:\/\/svil.constantinianorder.com\/es\/wp-json\/wp\/v2\/posts\/23344\/revisions\/59112"}],"wp:attachment":[{"href":"https:\/\/svil.constantinianorder.com\/es\/wp-json\/wp\/v2\/media?parent=23344"}],"wp:term":[{"taxonomy":"category","embeddable":true,"href":"https:\/\/svil.constantinianorder.com\/es\/wp-json\/wp\/v2\/categories?post=23344"},{"taxonomy":"post_tag","embeddable":true,"href":"https:\/\/svil.constantinianorder.com\/es\/wp-json\/wp\/v2\/tags?post=23344"}],"curies":[{"name":"wp","href":"https:\/\/api.w.org\/{rel}","templated":true}]}}