{"id":23482,"date":"2017-06-08T16:39:07","date_gmt":"2017-06-08T16:39:07","guid":{"rendered":"http:\/\/www.constantinianorder.net\/?p=23482"},"modified":"2026-02-05T14:11:21","modified_gmt":"2026-02-05T14:11:21","slug":"monaco-firma-memorandum-de-entendimiento-con-unaoc","status":"publish","type":"post","link":"https:\/\/svil.constantinianorder.com\/es\/monaco-firma-memorandum-de-entendimiento-con-unaoc\/","title":{"rendered":"M\u00d3NACO \u2013 FIRMA MEMOR\u00c1NDUM DE ENTENDIMIENTO CON UNAOC"},"content":{"rendered":"<p><img loading=\"lazy\" decoding=\"async\" class=\"alignleft size-medium wp-image-23374\" src=\"http:\/\/constantinianorder.net\/wp-content\/uploads\/2017\/06\/GA93669-300x229.jpg\" alt=\"_GA93669\" width=\"300\" height=\"229\" \/><\/p>\n<p>M\u00f3naco \u2013 El pasado 30 de mayo, en el Sal\u00f3n de Invierno del hotel Hermitage se celebr\u00f3 la ceremonia de la firma del Memor\u00e1ndum de Entendimiento entre la Orden Constantiniana de San Jorge, la Real Orden de Francisco I \u2013 representados por S.A.R. Pr\u00edncipe Carlos de Borb\u00f3n de las Dos Sicilias, Jefe de la Casa Real y Gran Maestro, y UNAOC (<em>United Nations Alliance of Civilization<\/em> &#8211; Alianza de Civilizaciones de Naciones Unidas) \u2013 representada por S.E. el Embajador Nassir Abdulaziz al-Nasser, Alto Representante para UNAOC, para promover y mejorar el di\u00e1logo y la educaci\u00f3n interreligiosa e intercultural.<\/p>\n<p>A la ceremonia asistieron, entre otros: S.E. el Sr. Jacques Boisson, Secretario de Estado de S.A.S. el Pr\u00edncipe Alberto II, S.E. Marine de Carne-Tr\u00e9cesson de Coetlogon, Embajador de Francia en M\u00f3naco, S.E. Cristiano Gallo, Embajador Italiano en M\u00f3naco, numerosas personalidades del cuerpo diplom\u00e1tico y dignatarios de las Naciones Unidas, S.E. Philippe Narmino, Robert Calcagno, Michel Boeri, S.A.I.R. Archiduque Carl Christian de Austria, sus Altezas Reales Pr\u00edncipes Alvaro Orleans -Borb\u00f3n, sus Altezas Reales Pr\u00edncipes Sergio de Yugoslavia, S.E. Sra. Paula Shaikha Al Sabah de Kuwait, Sra. Zina Mounla, etc.<br \/>\n<img loading=\"lazy\" decoding=\"async\" class=\"alignleft size-medium wp-image-23375\" src=\"http:\/\/constantinianorder.net\/wp-content\/uploads\/2017\/06\/GA93436-300x228.jpg\" alt=\"_GA93436\" width=\"300\" height=\"228\" \/><br \/>\n<!--more--><\/p>\n<p>En su discurso, S.A.R. Pr\u00edncipe Carlos de Borb\u00f3n de las Dos Sicilias, hizo hincapi\u00e9 en las diversas actividades filantr\u00f3picas y de caridad llevadas a cabo en el mundo por los Caballeros y Damas de la Orden Constantiniana y la Real Orden de Francisco I. En particular, cit\u00f3 las donaciones a hospitales en Roma, Niza y M\u00f3naco, y tambi\u00e9n las ayudas econ\u00f3micas que son hallazgos claves para la construcci\u00f3n de hospitales en Tanzania y Uganda, y para la restauraci\u00f3n de iglesias y escuelas en el Caribe. Adem\u00e1s, S.A.R. el Gran Maestro se\u00f1al\u00f3 un proyecto que la delegaci\u00f3n de Sicilia ha puesto en marcha hace cinco a\u00f1os, \u201cMigas de Salud\u201d, en cooperaci\u00f3n con varios obispos locales. Este proyecto fue un gran \u00e9xito: caballeros, damas y voluntarios donan m\u00e1s de 2 toneladas por mes de alimentos, ropa y productos para beb\u00e9s de 0 a 3 a\u00f1os de edad que viven en la pobreza.<\/p>\n<p>La Orden Constantiniana tiene Delegaciones en Italia, en la mayor\u00eda de pa\u00edses de Europa, EE.UU. y Am\u00e9rica del Sur, y mantiene relaciones de cooperaci\u00f3n con la Santa Sede (con m\u00e1s de 35 cardenales que forman parte de la Orden). En 2011, la Orden Constantiniana fue reconocida por el ECOSOC (Consejo Econ\u00f3mico y Social de las Naciones Unidas) con Estatuto Consultivo Especial.<\/p>\n<p>Si la Orden Constantiniana ha mantenido desde su creaci\u00f3n (en el a\u00f1o 312 por el emperador Constantino el Grande) una connotaci\u00f3n cat\u00f3lica romana, la Real Orden de Francisco I se asigna a personalidades meritorias gubernamentales, militares, diplom\u00e1ticas y clericales, y a quienes se han altamente distinguido en las ciencias, las artes, las letras y la literatura.<\/p>\n<p>Entre las personalidades m\u00e1s influyentes que han sido decoradas, S.A.R. el Gran Maestro record\u00f3: el arzobispo anglicano Desmond Tutu, Premio Nobel de la Paz en 1984, S.A.R. la Princesa Benedicta de Dinamarca, la baronesa Margaret Thatcher, el actual Presidente de la Rep\u00fablica de Kosovo y el Presidente de Mauricio, S.E. Sr. Ban Ki Moon y la Sra. Rigoberta Mench\u00fa Tum, Nobel de la Paz en 1992.<\/p>\n<p>La ceremonia concluy\u00f3 con la investidura de S.E. Nassir Abdulaziz Al-Nasser como Caballero de la Gran Cruz de la Real Orden de Francisco I y la Sra. Muna Rihani Al-Nasser (Presidente de ONU Mujeres para la Asociaci\u00f3n de la Paz, del cual Su Alteza Real la Princesa Camilla de Borb\u00f3n de las Dos Sicilias es \u201cEmbajadora de la Paz\u201d por su compromiso con la defensa de los derechos de las mujeres en todo el mundo) como Dama Comendadora.<\/p>\n<p><!--more--><img loading=\"lazy\" decoding=\"async\" class=\"alignleft size-medium wp-image-23377\" src=\"http:\/\/constantinianorder.net\/wp-content\/uploads\/2017\/06\/GA93842-300x200.jpg\" alt=\"_GA93842\" width=\"300\" height=\"200\" \/><img loading=\"lazy\" decoding=\"async\" class=\"alignleft size-medium wp-image-23378\" src=\"http:\/\/constantinianorder.net\/wp-content\/uploads\/2017\/06\/GA93466-300x208.jpg\" alt=\"_GA93466\" width=\"300\" height=\"208\" \/><img loading=\"lazy\" decoding=\"async\" class=\"alignleft size-medium wp-image-23379\" src=\"http:\/\/constantinianorder.net\/wp-content\/uploads\/2017\/06\/GA93770-300x200.jpg\" alt=\"_GA93770\" width=\"300\" height=\"200\" \/><br \/>\n<img loading=\"lazy\" decoding=\"async\" class=\"alignleft size-medium wp-image-23376\" src=\"http:\/\/constantinianorder.net\/wp-content\/uploads\/2017\/06\/GA93752-225x300.jpg\" alt=\"_GA93752\" width=\"225\" height=\"300\" \/><\/p>\n","protected":false},"excerpt":{"rendered":"<p>M\u00f3naco \u2013 El pasado 30 de mayo, en el Sal\u00f3n de Invierno del hotel Hermitage se celebr\u00f3 la ceremonia de la firma del Memor\u00e1ndum de Entendimiento entre la Orden Constantiniana de San Jorge, la Real Orden de Francisco I \u2013 representados por S.A.R. Pr\u00edncipe Carlos de Borb\u00f3n de las Dos Sicilias, Jefe de la Casa [&hellip;]<\/p>\n","protected":false},"author":1,"featured_media":0,"comment_status":"closed","ping_status":"open","sticky":false,"template":"","format":"standard","meta":{"footnotes":""},"categories":[187,242],"tags":[],"class_list":["post-23482","post","type-post","status-publish","format-standard","hentry","category-comunicados-del-gran-magisterio","category-delegazione-di-monaco"],"_links":{"self":[{"href":"https:\/\/svil.constantinianorder.com\/es\/wp-json\/wp\/v2\/posts\/23482","targetHints":{"allow":["GET"]}}],"collection":[{"href":"https:\/\/svil.constantinianorder.com\/es\/wp-json\/wp\/v2\/posts"}],"about":[{"href":"https:\/\/svil.constantinianorder.com\/es\/wp-json\/wp\/v2\/types\/post"}],"author":[{"embeddable":true,"href":"https:\/\/svil.constantinianorder.com\/es\/wp-json\/wp\/v2\/users\/1"}],"replies":[{"embeddable":true,"href":"https:\/\/svil.constantinianorder.com\/es\/wp-json\/wp\/v2\/comments?post=23482"}],"version-history":[{"count":1,"href":"https:\/\/svil.constantinianorder.com\/es\/wp-json\/wp\/v2\/posts\/23482\/revisions"}],"predecessor-version":[{"id":59161,"href":"https:\/\/svil.constantinianorder.com\/es\/wp-json\/wp\/v2\/posts\/23482\/revisions\/59161"}],"wp:attachment":[{"href":"https:\/\/svil.constantinianorder.com\/es\/wp-json\/wp\/v2\/media?parent=23482"}],"wp:term":[{"taxonomy":"category","embeddable":true,"href":"https:\/\/svil.constantinianorder.com\/es\/wp-json\/wp\/v2\/categories?post=23482"},{"taxonomy":"post_tag","embeddable":true,"href":"https:\/\/svil.constantinianorder.com\/es\/wp-json\/wp\/v2\/tags?post=23482"}],"curies":[{"name":"wp","href":"https:\/\/api.w.org\/{rel}","templated":true}]}}