{"id":23753,"date":"2017-08-28T16:54:07","date_gmt":"2017-08-28T14:54:07","guid":{"rendered":"http:\/\/www.constantinianorder.net\/?p=23753"},"modified":"2026-01-15T18:01:43","modified_gmt":"2026-01-15T18:01:43","slug":"delegacion-sicilia-actividades-del-mes-de-julio","status":"publish","type":"post","link":"https:\/\/svil.constantinianorder.com\/es\/delegacion-sicilia-actividades-del-mes-de-julio\/","title":{"rendered":"DELEGACI\u00d3N SICILIA ACTIVIDADES DEL MES DE JULIO"},"content":{"rendered":"<p><img loading=\"lazy\" decoding=\"async\" class=\"alignleft size-medium wp-image-23625\" src=\"http:\/\/constantinianorder.net\/wp-content\/uploads\/2017\/08\/20170721_170426-300x201.jpg\" alt=\"20170721_170426\" width=\"300\" height=\"201\" \/>Tambi\u00e9n en julio, las actividades de la delegaci\u00f3n siciliana siguieron apoyando a los m\u00e1s necesitados.<\/p>\n<p>Como ya es habitual desde hace algunos meses, se sigue realizando el suministro de pescado en el comedor de S. Mamiliano en Palermo. El 17 de julio, el Delegado Vicario Sr. Antonio di Janni, Caballero de la Gran Cruz de Gracia entreg\u00f3 al comedor 20 kg de pescado que se cocinar\u00e1 para los necesitados que lo comer\u00e1n en sus hogares.<\/p>\n<p>Asimismo, desde el mes pasado, la Delegaci\u00f3n apoya el Comedor de la Solidaridad de la comunidad Misionera <em>Porte Aperte<\/em> de Agrigento, atendiendo la petici\u00f3n de Su Eminencia Reverend\u00edsima Cardenal Montenegro, Arzobispo de Agrigento.<\/p>\n<p>En estos dos meses se entregaron importantes cantidades de productos alimenticios para apoyar a las monjas que dirigen el comedor que ofrece alrededor de 100 comidas al d\u00eda.<\/p>\n<p>En el contexto del proyecto \u201cMigas de Salud\u201d, se realizaron dos distribuciones (en julio) en la ciudad de Monreale, en los anexos de la iglesia de <em>Maria SS degli Agonizzanti<\/em>. En el d\u00eda de mi\u00e9rcoles, 19 de julio fueron distribuidos 130 litros de leche, 60 paquetes de pa\u00f1ales, 150 botes de comida para beb\u00e9, 20 brick de leche para primera infancia, 50 paquetes de galletas, 60 kg de pasta a alrededor de 30 familias con ni\u00f1os de 0 a 3 a\u00f1os.<\/p>\n<p>El d\u00eda 20 de julio, el Delegado Vicario, acompa\u00f1ado por el Caballero Antonino Amato, entreg\u00f3 una piscina de 5 metros de largo y 3 metros de ancho con una profundidad de 1,50 a la <em>Madonna della Tenda di Cristo<\/em> en Acireale. La estructura est\u00e1 dirigida por las monjas consagradas de la <em>Madonna della Tenda di Cristo<\/em>, que acogen a las madres con sus hijos.<\/p>\n<p>La donaci\u00f3n responde a una solicitud hecha en los \u00faltimos meses para permitir que los ni\u00f1os jueguen y se refresquen en el agua. El Delegado Vicario y el Caballero Amato, con la ayuda de los voluntarios de la estructura, montaron la piscina.<\/p>\n<p>La estructura fue inaugurada y bendecida el 22 de julio por Don Carmelo Raspa, el sacerdote que asiste a la estructura<\/p>\n<p><!--more--><\/p>\n<table>\n<tbody>\n<tr>\n<td><img loading=\"lazy\" decoding=\"async\" class=\"alignleft size-medium wp-image-23627\" src=\"http:\/\/constantinianorder.net\/wp-content\/uploads\/2017\/08\/20170717_131113-300x225.jpg\" alt=\"20170717_131113\" width=\"300\" height=\"225\" \/><\/p>\n<p><img loading=\"lazy\" decoding=\"async\" class=\"size-medium wp-image-23624\" src=\"http:\/\/constantinianorder.net\/wp-content\/uploads\/2017\/08\/20170721_165813_007-300x225.jpg\" alt=\"Materiale donato ad Agrigento\" width=\"300\" height=\"225\" \/><\/p>\n<p><img loading=\"lazy\" decoding=\"async\" class=\"alignleft size-medium wp-image-23628\" src=\"http:\/\/constantinianorder.net\/wp-content\/uploads\/2017\/08\/20170719_145726-300x204.jpg\" alt=\"20170719_145726\" width=\"300\" height=\"204\" \/><\/td>\n<\/tr>\n<tr>\n<td><img loading=\"lazy\" decoding=\"async\" class=\"alignleft size-medium wp-image-23629\" src=\"http:\/\/constantinianorder.net\/wp-content\/uploads\/2017\/08\/20170720_154927-300x194.jpg\" alt=\"20170720_154927\" width=\"300\" height=\"194\" \/><img loading=\"lazy\" decoding=\"async\" class=\"alignleft size-medium wp-image-23626\" src=\"http:\/\/constantinianorder.net\/wp-content\/uploads\/2017\/08\/IMG-20170724-WA0008-300x169.jpg\" alt=\"IMG-20170724-WA0008\" width=\"300\" height=\"194\" \/><\/td>\n<\/tr>\n<\/tbody>\n<\/table>\n","protected":false},"excerpt":{"rendered":"<p>Tambi\u00e9n en julio, las actividades de la delegaci\u00f3n siciliana siguieron apoyando a los m\u00e1s necesitados. Como ya es habitual desde hace algunos meses, se sigue realizando el suministro de pescado en el comedor de S. Mamiliano en Palermo. El 17 de julio, el Delegado Vicario Sr. Antonio di Janni, Caballero de la Gran Cruz de [&hellip;]<\/p>\n","protected":false},"author":1,"featured_media":0,"comment_status":"closed","ping_status":"open","sticky":false,"template":"","format":"standard","meta":{"footnotes":""},"categories":[167],"tags":[],"class_list":["post-23753","post","type-post","status-publish","format-standard","hentry","category-delegacion-de-la-sicilia"],"_links":{"self":[{"href":"https:\/\/svil.constantinianorder.com\/es\/wp-json\/wp\/v2\/posts\/23753","targetHints":{"allow":["GET"]}}],"collection":[{"href":"https:\/\/svil.constantinianorder.com\/es\/wp-json\/wp\/v2\/posts"}],"about":[{"href":"https:\/\/svil.constantinianorder.com\/es\/wp-json\/wp\/v2\/types\/post"}],"author":[{"embeddable":true,"href":"https:\/\/svil.constantinianorder.com\/es\/wp-json\/wp\/v2\/users\/1"}],"replies":[{"embeddable":true,"href":"https:\/\/svil.constantinianorder.com\/es\/wp-json\/wp\/v2\/comments?post=23753"}],"version-history":[{"count":1,"href":"https:\/\/svil.constantinianorder.com\/es\/wp-json\/wp\/v2\/posts\/23753\/revisions"}],"predecessor-version":[{"id":59221,"href":"https:\/\/svil.constantinianorder.com\/es\/wp-json\/wp\/v2\/posts\/23753\/revisions\/59221"}],"wp:attachment":[{"href":"https:\/\/svil.constantinianorder.com\/es\/wp-json\/wp\/v2\/media?parent=23753"}],"wp:term":[{"taxonomy":"category","embeddable":true,"href":"https:\/\/svil.constantinianorder.com\/es\/wp-json\/wp\/v2\/categories?post=23753"},{"taxonomy":"post_tag","embeddable":true,"href":"https:\/\/svil.constantinianorder.com\/es\/wp-json\/wp\/v2\/tags?post=23753"}],"curies":[{"name":"wp","href":"https:\/\/api.w.org\/{rel}","templated":true}]}}