{"id":24095,"date":"2017-09-26T13:21:34","date_gmt":"2017-09-26T13:21:34","guid":{"rendered":"http:\/\/www.constantinianorder.net\/?p=24095"},"modified":"2026-01-15T18:01:58","modified_gmt":"2026-01-15T18:01:58","slug":"padua-23-de-septiembre-de-2017-conferencia-sobre-la-prevencion-medica","status":"publish","type":"post","link":"https:\/\/svil.constantinianorder.com\/es\/padua-23-de-septiembre-de-2017-conferencia-sobre-la-prevencion-medica\/","title":{"rendered":"PADUA 23 DE SEPTIEMBRE DE 2017 \u2013 CONFERENCIA SOBRE LA PREVENCI\u00d3N M\u00c9DICA"},"content":{"rendered":"<p><img loading=\"lazy\" decoding=\"async\" class=\"alignleft size-medium wp-image-23893\" src=\"http:\/\/constantinianorder.net\/wp-content\/uploads\/2017\/09\/6-Cav.-Lonigo-225x300.jpg\" alt=\"6 Cav. Lonigo\" width=\"225\" height=\"300\" \/><\/p>\n<p>Se celebr\u00f3 el pasado 23 de septiembre en el marco incomparable de Palazzo Zacco in Prato della Valle, la Conferencia sobre Prevenci\u00f3n M\u00e9dica, organizada por la Representaci\u00f3n de Padua y Vicenza y el C\u00edrculo Unificado Ej\u00e9rcito de Padua, dirigido por el Coronel Carlo Libanori.<\/p>\n<p>La participaci\u00f3n muy numerosa confirm\u00f3 su inter\u00e9s en las intervenciones del Dr. Sergio Garofalo sobre \u201cLa prevenci\u00f3n del envejecimiento cut\u00e1neo y los c\u00e1nceres de piel\u201d y del Caballero Dr. Domenico Trovato sobre \u201cLa prevenci\u00f3n de enfermedades cardiovasculares\u201d.<\/p>\n<p>La claridad y la linealidad de los informes, acompa\u00f1ados de una serie de diapositivas especialmente ilustrativas, han suscitado gran inter\u00e9s en el p\u00fablico.<\/p>\n<p>Al final de la Conferencia el Dr. Alberto Lonigo, Representante de Padua y Vicenza, tom\u00f3 la palabra y se\u00f1al\u00f3 que este encuentro forma parte, por su valor social, de los objetivos de la Orden, mirando con especial inter\u00e9s al aspecto de la asistencia a los menos afortunados y la protecci\u00f3n de nuestra tradici\u00f3n espiritual.<\/p>\n<p>El Representante, despu\u00e9s de agradecer por su presencia a S.E. Sr. Alberto Lembo, Gran Inquisidor y el Dr. Lucio Pasqualetto, Vice Delegado de Triveneto, expres\u00f3 su esperanza de que este evento sea s\u00f3lo el primero en una perspectiva de nuevas iniciativas fruct\u00edferas.<\/p>\n<p><!--more--><img loading=\"lazy\" decoding=\"async\" class=\"alignleft size-medium wp-image-23892\" src=\"http:\/\/constantinianorder.net\/wp-content\/uploads\/2017\/09\/4-Col.-Libanori-225x300.jpg\" alt=\"4 Col. Libanori\" width=\"225\" height=\"300\" \/><img loading=\"lazy\" decoding=\"async\" class=\"alignleft size-medium wp-image-23891\" src=\"http:\/\/constantinianorder.net\/wp-content\/uploads\/2017\/09\/1-225x300.jpg\" alt=\"1\" width=\"225\" height=\"300\" \/><\/p>\n","protected":false},"excerpt":{"rendered":"<p>Se celebr\u00f3 el pasado 23 de septiembre en el marco incomparable de Palazzo Zacco in Prato della Valle, la Conferencia sobre Prevenci\u00f3n M\u00e9dica, organizada por la Representaci\u00f3n de Padua y Vicenza y el C\u00edrculo Unificado Ej\u00e9rcito de Padua, dirigido por el Coronel Carlo Libanori. La participaci\u00f3n muy numerosa confirm\u00f3 su inter\u00e9s en las intervenciones del [&hellip;]<\/p>\n","protected":false},"author":1,"featured_media":0,"comment_status":"closed","ping_status":"open","sticky":false,"template":"","format":"standard","meta":{"footnotes":""},"categories":[214],"tags":[],"class_list":["post-24095","post","type-post","status-publish","format-standard","hentry","category-delegacion-del-triveneto"],"_links":{"self":[{"href":"https:\/\/svil.constantinianorder.com\/es\/wp-json\/wp\/v2\/posts\/24095","targetHints":{"allow":["GET"]}}],"collection":[{"href":"https:\/\/svil.constantinianorder.com\/es\/wp-json\/wp\/v2\/posts"}],"about":[{"href":"https:\/\/svil.constantinianorder.com\/es\/wp-json\/wp\/v2\/types\/post"}],"author":[{"embeddable":true,"href":"https:\/\/svil.constantinianorder.com\/es\/wp-json\/wp\/v2\/users\/1"}],"replies":[{"embeddable":true,"href":"https:\/\/svil.constantinianorder.com\/es\/wp-json\/wp\/v2\/comments?post=24095"}],"version-history":[{"count":1,"href":"https:\/\/svil.constantinianorder.com\/es\/wp-json\/wp\/v2\/posts\/24095\/revisions"}],"predecessor-version":[{"id":59255,"href":"https:\/\/svil.constantinianorder.com\/es\/wp-json\/wp\/v2\/posts\/24095\/revisions\/59255"}],"wp:attachment":[{"href":"https:\/\/svil.constantinianorder.com\/es\/wp-json\/wp\/v2\/media?parent=24095"}],"wp:term":[{"taxonomy":"category","embeddable":true,"href":"https:\/\/svil.constantinianorder.com\/es\/wp-json\/wp\/v2\/categories?post=24095"},{"taxonomy":"post_tag","embeddable":true,"href":"https:\/\/svil.constantinianorder.com\/es\/wp-json\/wp\/v2\/tags?post=24095"}],"curies":[{"name":"wp","href":"https:\/\/api.w.org\/{rel}","templated":true}]}}