{"id":24129,"date":"2017-09-29T12:32:06","date_gmt":"2017-09-29T12:32:06","guid":{"rendered":"http:\/\/www.constantinianorder.net\/?p=24129"},"modified":"2026-01-15T18:02:06","modified_gmt":"2026-01-15T18:02:06","slug":"actividades-de-setiembre-de-la-delegacion-de-sicilia-migas-de-salud-y-ciudad-cardio-protegida","status":"publish","type":"post","link":"https:\/\/svil.constantinianorder.com\/es\/actividades-de-setiembre-de-la-delegacion-de-sicilia-migas-de-salud-y-ciudad-cardio-protegida\/","title":{"rendered":"ACTIVIDADES DE SETIEMBRE DE LA DELEGACI\u00d3N DE SICILIA &#8211; \u201cMIGAS DE SALUD\u201d Y \u201cCIUDAD CARDIO PROTEGIDA\u201d"},"content":{"rendered":"<table>\n<tbody>\n<tr>\n<td>Tambi\u00e9n en el mes de septiembre hubo muchos eventos de solidaridad de la Delegaci\u00f3n siciliana.<\/p>\n<p>En particular, el Proyecto \u201cMigraciones de Salud\u201d se ha repetido en varias di\u00f3cesis.<\/td>\n<\/tr>\n<tr>\n<td>En Monreale la distribuci\u00f3n tuvo lugar los d\u00edas 6 y 20 de septiembre. En ambas ocasiones fueron entregados productos para m\u00e1s de 35 familias: se repartieron 200 litros de leche, 60 cajas de leche Humana 1, 150 Kg de pasta y fideos, 30 tarros de alimentos para beb\u00e9s, 200 cajas de galletas, unos 200 paquetes de pa\u00f1ales de varias medidas.<\/p>\n<p><img loading=\"lazy\" decoding=\"async\" class=\"alignleft size-medium wp-image-23945\" style=\"font-family: inherit; font-size: inherit;\" src=\"http:\/\/constantinianorder.net\/wp-content\/uploads\/2017\/10\/MONREALE-300x210.jpg\" alt=\"MONREALE\" width=\"300\" height=\"210\" \/><\/td>\n<\/tr>\n<tr>\n<td>El d\u00eda 15 de septiembre, en Piazza Armerina, en presencia de S.E. Rev. Mons. Rosario Gisana, Obispo de Piazza Armerina y Com. de Gracia Eclesi\u00e1stica de la Sagrada Orden Constantiniana de San Jorge, fueron entregados al pastor de la iglesia de S. Stefano de Piazza Armerina varios productos de primera necesidad.<br \/>\n<img loading=\"lazy\" decoding=\"async\" class=\"alignleft size-medium wp-image-23940\" src=\"http:\/\/constantinianorder.net\/wp-content\/uploads\/2017\/10\/IMG-20170905-WA0005-300x225.jpg\" alt=\"IMG-20170905-WA0005\" width=\"300\" height=\"225\" \/><\/td>\n<\/tr>\n<tr>\n<td>Siempre en Piazza Armerina se organiz\u00f3 el almuerzo del \u201cBocado del Pobre\u201d. Las comidas fueron cocinadas y distribuidas a los hu\u00e9spedes mayores de la instalaci\u00f3n.<\/p>\n<p><img loading=\"lazy\" decoding=\"async\" class=\"alignleft size-medium wp-image-23943\" style=\"font-family: inherit; font-size: inherit;\" src=\"http:\/\/constantinianorder.net\/wp-content\/uploads\/2017\/10\/2-225x300.jpg\" alt=\"2\" width=\"225\" height=\"300\" \/><\/p>\n<p><img loading=\"lazy\" decoding=\"async\" class=\"alignleft size-medium wp-image-23942\" src=\"http:\/\/constantinianorder.net\/wp-content\/uploads\/2017\/10\/1-225x300.jpg\" alt=\"1\" width=\"225\" height=\"300\" \/><\/td>\n<\/tr>\n<tr>\n<td>A continuaci\u00f3n, \u201cMigas de Salud\u201d se replic\u00f3 en la ciudad de Trapani, donde se repartieron productos para beb\u00e9s en la Iglesia del <em>Sacro Cuore<\/em>.<\/p>\n<p><img loading=\"lazy\" decoding=\"async\" class=\"alignleft size-medium wp-image-23941\" style=\"font-family: inherit; font-size: inherit;\" src=\"http:\/\/constantinianorder.net\/wp-content\/uploads\/2017\/10\/IMG-20170914-WA0017-300x169.jpg\" alt=\"IMG-20170914-WA0017\" width=\"300\" height=\"169\" \/><\/td>\n<\/tr>\n<tr>\n<td>Entre las diversas actividades, no debe olvidarse la donaci\u00f3n de un desfibrilador para la ciudad de Barrafranca (donado al equipo de f\u00fatbol local), o la doble donaci\u00f3n mensual de pescado (m\u00e1s de 50 kg por mes entregado desde abril hasta la fecha) al comedor de San Mamiliano en Palermo, los d\u00edas 5 y 28 de septiembre, donde los voluntarios preparan comidas para familias necesitadas que luego consumen en sus casas.<br \/>\n<img loading=\"lazy\" decoding=\"async\" class=\"alignleft size-medium wp-image-23946\" src=\"http:\/\/constantinianorder.net\/wp-content\/uploads\/2017\/10\/1-1-225x300.jpg\" alt=\"1\" width=\"225\" height=\"300\" \/><img loading=\"lazy\" decoding=\"async\" class=\"alignleft size-medium wp-image-23944\" src=\"http:\/\/constantinianorder.net\/wp-content\/uploads\/2017\/10\/S-MAMILIANO-300x225.jpg\" alt=\"S MAMILIANO\" width=\"300\" height=\"225\" \/><\/td>\n<\/tr>\n<\/tbody>\n<\/table>\n","protected":false},"excerpt":{"rendered":"<p>Tambi\u00e9n en el mes de septiembre hubo muchos eventos de solidaridad de la Delegaci\u00f3n siciliana. En particular, el Proyecto \u201cMigraciones de Salud\u201d se ha repetido en varias di\u00f3cesis. En Monreale la distribuci\u00f3n tuvo lugar los d\u00edas 6 y 20 de septiembre. En ambas ocasiones fueron entregados productos para m\u00e1s de 35 familias: se repartieron 200 [&hellip;]<\/p>\n","protected":false},"author":1,"featured_media":0,"comment_status":"closed","ping_status":"open","sticky":false,"template":"","format":"standard","meta":{"footnotes":""},"categories":[167],"tags":[],"class_list":["post-24129","post","type-post","status-publish","format-standard","hentry","category-delegacion-de-la-sicilia"],"_links":{"self":[{"href":"https:\/\/svil.constantinianorder.com\/es\/wp-json\/wp\/v2\/posts\/24129","targetHints":{"allow":["GET"]}}],"collection":[{"href":"https:\/\/svil.constantinianorder.com\/es\/wp-json\/wp\/v2\/posts"}],"about":[{"href":"https:\/\/svil.constantinianorder.com\/es\/wp-json\/wp\/v2\/types\/post"}],"author":[{"embeddable":true,"href":"https:\/\/svil.constantinianorder.com\/es\/wp-json\/wp\/v2\/users\/1"}],"replies":[{"embeddable":true,"href":"https:\/\/svil.constantinianorder.com\/es\/wp-json\/wp\/v2\/comments?post=24129"}],"version-history":[{"count":1,"href":"https:\/\/svil.constantinianorder.com\/es\/wp-json\/wp\/v2\/posts\/24129\/revisions"}],"predecessor-version":[{"id":59272,"href":"https:\/\/svil.constantinianorder.com\/es\/wp-json\/wp\/v2\/posts\/24129\/revisions\/59272"}],"wp:attachment":[{"href":"https:\/\/svil.constantinianorder.com\/es\/wp-json\/wp\/v2\/media?parent=24129"}],"wp:term":[{"taxonomy":"category","embeddable":true,"href":"https:\/\/svil.constantinianorder.com\/es\/wp-json\/wp\/v2\/categories?post=24129"},{"taxonomy":"post_tag","embeddable":true,"href":"https:\/\/svil.constantinianorder.com\/es\/wp-json\/wp\/v2\/tags?post=24129"}],"curies":[{"name":"wp","href":"https:\/\/api.w.org\/{rel}","templated":true}]}}