{"id":24261,"date":"2017-10-23T15:36:59","date_gmt":"2017-10-23T15:36:59","guid":{"rendered":"http:\/\/www.constantinianorder.net\/?p=24261"},"modified":"2026-01-15T18:04:43","modified_gmt":"2026-01-15T18:04:43","slug":"delegacion-de-triveneto-encuentro-formativo-21-de-octubre-de-2017-verona","status":"publish","type":"post","link":"https:\/\/svil.constantinianorder.com\/es\/delegacion-de-triveneto-encuentro-formativo-21-de-octubre-de-2017-verona\/","title":{"rendered":"DELEGACI\u00d3N DE TRIVENETO \u2013 ENCUENTRO FORMATIVO, 21 DE OCTUBRE DE 2017, VERONA"},"content":{"rendered":"<p><img loading=\"lazy\" decoding=\"async\" class=\"alignleft size-medium wp-image-24172\" src=\"http:\/\/constantinianorder.net\/wp-content\/uploads\/2017\/10\/IMG_3635-300x225.jpg\" alt=\"IMG_3635\" width=\"300\" height=\"225\" \/>S\u00e1bado, 21 de octubre en Verona, en las salas Palazzo Miniscalchi Erizzo, sede del Club al Teatro, hubo un encuentro de formaci\u00f3n de la Delegaci\u00f3n de Triveneto. La conferencia titulada \u201c<em>La Orden Constantiniana en el ordenamiento jur\u00eddico italiano<\/em>\u201d fue celebrada por S. E. Sr. Alberto Lembo, Gran Inquisidor y Don Arnaldo Morandi, Secretario General de la Oficina del Gran Prior, con el Comendador Lucio Pasqualetto, Delegado Vicario como moderador.<\/p>\n<p>Los dos ponentes han enmarcado la historia y la misi\u00f3n de la Orden en la vida cotidiana, dentro de la legislaci\u00f3n italiana e internacional, haciendo hincapi\u00e9 en la importancia de la caridad y el servicio de asistencia, as\u00ed como la preservaci\u00f3n de la Fe y la exaltaci\u00f3n de la Santa Cruz.<!--more--><\/p>\n<p>El evento fue posible gracias a la disponibilidad del Sr. Giuseppe Zamboni dei Marchesi di Salerano, Presidente del Club al Teatro, quien acogi\u00f3 la iniciativa organizada por el Delegado Vicario, Sr. Federico Bulfone Gransinigh. El encuentro fue una de las citas que ya se han vuelto imprescindibles para los Aspirantes y para cualquiera que desee acercarse a Nuestra Sagrada Orden, as\u00ed como un momento de reflexi\u00f3n y crecimiento personal para todos los Caballeros y Damas de la Delegaci\u00f3n de Triveneto. La conferencia y el siguiente desayuno fueron adem\u00e1s una ocasi\u00f3n para reunirse con otros Caballeros y Aspirantes de la Delegaci\u00f3n de Lombard\u00eda y de la de Emilia-Roma\u00f1a. Entre otros, estuvieron presentes representantes de Padua y Vicenza, Treviso, Venecia y el Delegado Vicario de Emilia-Roma\u00f1a.<\/p>\n<p><img loading=\"lazy\" decoding=\"async\" class=\"alignleft size-medium wp-image-24171\" src=\"http:\/\/constantinianorder.net\/wp-content\/uploads\/2017\/10\/IMG_3627-300x225.jpg\" alt=\"IMG_3627\" width=\"300\" height=\"225\" \/><\/p>\n","protected":false},"excerpt":{"rendered":"<p>S\u00e1bado, 21 de octubre en Verona, en las salas Palazzo Miniscalchi Erizzo, sede del Club al Teatro, hubo un encuentro de formaci\u00f3n de la Delegaci\u00f3n de Triveneto. La conferencia titulada \u201cLa Orden Constantiniana en el ordenamiento jur\u00eddico italiano\u201d fue celebrada por S. E. Sr. Alberto Lembo, Gran Inquisidor y Don Arnaldo Morandi, Secretario General de [&hellip;]<\/p>\n","protected":false},"author":1,"featured_media":0,"comment_status":"closed","ping_status":"open","sticky":false,"template":"","format":"standard","meta":{"footnotes":""},"categories":[214],"tags":[],"class_list":["post-24261","post","type-post","status-publish","format-standard","hentry","category-delegacion-del-triveneto"],"_links":{"self":[{"href":"https:\/\/svil.constantinianorder.com\/es\/wp-json\/wp\/v2\/posts\/24261","targetHints":{"allow":["GET"]}}],"collection":[{"href":"https:\/\/svil.constantinianorder.com\/es\/wp-json\/wp\/v2\/posts"}],"about":[{"href":"https:\/\/svil.constantinianorder.com\/es\/wp-json\/wp\/v2\/types\/post"}],"author":[{"embeddable":true,"href":"https:\/\/svil.constantinianorder.com\/es\/wp-json\/wp\/v2\/users\/1"}],"replies":[{"embeddable":true,"href":"https:\/\/svil.constantinianorder.com\/es\/wp-json\/wp\/v2\/comments?post=24261"}],"version-history":[{"count":1,"href":"https:\/\/svil.constantinianorder.com\/es\/wp-json\/wp\/v2\/posts\/24261\/revisions"}],"predecessor-version":[{"id":59311,"href":"https:\/\/svil.constantinianorder.com\/es\/wp-json\/wp\/v2\/posts\/24261\/revisions\/59311"}],"wp:attachment":[{"href":"https:\/\/svil.constantinianorder.com\/es\/wp-json\/wp\/v2\/media?parent=24261"}],"wp:term":[{"taxonomy":"category","embeddable":true,"href":"https:\/\/svil.constantinianorder.com\/es\/wp-json\/wp\/v2\/categories?post=24261"},{"taxonomy":"post_tag","embeddable":true,"href":"https:\/\/svil.constantinianorder.com\/es\/wp-json\/wp\/v2\/tags?post=24261"}],"curies":[{"name":"wp","href":"https:\/\/api.w.org\/{rel}","templated":true}]}}