{"id":24880,"date":"2018-01-22T11:16:53","date_gmt":"2018-01-22T11:16:53","guid":{"rendered":"http:\/\/www.constantinianorder.net\/francia-cerimonia-di-investitura-a-parigi-2\/"},"modified":"2026-01-23T16:31:41","modified_gmt":"2026-01-23T16:31:41","slug":"francia-ceremonia-de-investidura-en-paris","status":"publish","type":"post","link":"https:\/\/svil.constantinianorder.com\/es\/francia-ceremonia-de-investidura-en-paris\/","title":{"rendered":"FRANCIA: CEREMONIA DE INVESTIDURA EN PARIS"},"content":{"rendered":"<p><img loading=\"lazy\" decoding=\"async\" class=\"alignnone wp-image-24859 size-full\" src=\"http:\/\/constantinianorder.net\/wp-content\/uploads\/2018\/01\/D3S_2608.jpg\" alt=\"D3S_2608\" width=\"640\" height=\"333\" \/><\/p>\n<p>La primera ceremonia de investidura de los nuevos Caballeros y Damas de la nueva delegaci\u00f3n francesa de la Sagrada Orden Militar y Constantiniana de San Jorge tuvo lugar el viernes 19 enero 2018. Fue precedida por una tarde de recogimiento espiritual para preparar espiritualmente a los aspirantes Caballeros.<\/p>\n<p><img loading=\"lazy\" decoding=\"async\" class=\"alignnone size-medium wp-image-24856\" src=\"http:\/\/constantinianorder.net\/wp-content\/uploads\/2018\/01\/D3S_2334-300x244.jpg\" alt=\"D3S_2334\" width=\"300\" height=\"244\" \/><br \/>\nLa nueva delegaci\u00f3n francesa es formalmente reconocida por las Autoridades francesas como Asociaci\u00f3n (ley 1901), cuyo nombre es Asociaci\u00f3n Nacional de los Caballeros y Damas Constantinianos. La delegaci\u00f3n es dirigida por el Consejero, senor Camille Pascal.<\/p>\n<p>.<img loading=\"lazy\" decoding=\"async\" class=\"alignnone size-thumbnail wp-image-24858\" src=\"http:\/\/constantinianorder.net\/wp-content\/uploads\/2018\/01\/D3S_2590-142x150.jpg\" alt=\"D3S_2590\" width=\"142\" height=\"150\" \/>\u00a0 \u00a0 \u00a0\u00a0\u00a0\u00a0<img loading=\"lazy\" decoding=\"async\" class=\"alignnone size-thumbnail wp-image-24857\" src=\"http:\/\/constantinianorder.net\/wp-content\/uploads\/2018\/01\/D3S_2397-150x137.jpg\" alt=\"D3S_2397\" width=\"150\" height=\"137\" \/><\/p>\n<p>La liturgia tuvo lugar en la prestigiosa iglesia de San Rocco, en rue Saint-Honor\u00e9 en Par\u00eds, que es una de las m\u00e1s importantes de la ciudad, cuya piedra fue colodada en 1653 por el joven Louis XIV en presencia de su madre, la Reina Anne d\u2019Autriche. La delegaci\u00f3n fue recibida por el Abad Thierry Laurent, p\u00e1rroco de esta iglesia.<\/p>\n<p>La liturgia fue presidida por S.E. Mons. Luc Ravel, Arzobispo de Estrasburgo y Prior de la delegaci\u00f3n, en presencia de S.A.R el Pr\u00edncipe Carlos de Borb\u00f3n de las Dos Sicilias, Duque de Castro y Gran Maestro de la Orden , S.A.R. la Princesa Beatrice de Borb\u00f3n de las Dos Sicilias, Gran Prefecto y de S.E. el Pr\u00edncipe Ruspoli, Gran Cancellere.<\/p>\n<p><img loading=\"lazy\" decoding=\"async\" class=\"alignnone size-thumbnail wp-image-24860\" src=\"http:\/\/constantinianorder.net\/wp-content\/uploads\/2018\/01\/D3S_2695-150x107.jpg\" alt=\"D3S_2695\" width=\"150\" height=\"107\" \/>\u00a0 \u00a0\u00a0<img loading=\"lazy\" decoding=\"async\" class=\"alignnone size-thumbnail wp-image-24862\" src=\"http:\/\/constantinianorder.net\/wp-content\/uploads\/2018\/01\/D3S_2786-150x86.jpg\" alt=\"D3S_2786\" width=\"150\" height=\"86\" \/><\/p>\n<p>&nbsp;<\/p>\n<p>S.A.R. la Princesa Camilla de Borb\u00f3n de las Dos Sicilias, Duquesa de Castro, S.A.R. la Princesa Anna de Borb\u00f3n de las Dos Sicilias, S.A.S. el Pr\u00edncipe Charles-Henri de Lobkowicz, miembro de la La Diputaci\u00f3n Real , S.E. el Embajador de M\u00f3naco en Par\u00eds, Se\u00f1or Claude Cottalorda, Alcalde del octavo distrito de Par\u00eds, Se\u00f1ora Jeanne d&#8217;Hautessere, la Barona Puya Hottinguer, Se\u00f1or Jacques Rougerie, miembro del Instituto, diferentes oficiales superiores y Mons. Arnaldo Morandi, Secretario General de la Oficina del Gran Prior parteciparon en esta emocionante ceremonia. Durante la ceremonia Mons. Morandi comunic\u00f3 a los Caballeros y Damas franceses el mensaje de indulgencia plenaria del Santo Padre Francisco para los Caballeros y Damas de la Orden Constantiniana de San Jorge.<\/p>\n<p>Asistieron muchos representates de la sociedad francesa. Despu\u00e9s de la ceremonia hubo un encuentro fraternal y convival en el hotel Saint-James &amp; Alban, en rue de Rivoli, que permiti\u00f3 la presentaci\u00f3n de las pr\u00f3ximas iniciativas ben\u00e9ficas de la delegaci\u00f3n.<\/p>\n","protected":false},"excerpt":{"rendered":"<p>La primera ceremonia de investidura de los nuevos Caballeros y Damas de la nueva delegaci\u00f3n francesa de la Sagrada Orden Militar y Constantiniana de San Jorge tuvo lugar el viernes 19 enero 2018. Fue precedida por una tarde de recogimiento espiritual para preparar espiritualmente a los aspirantes Caballeros. La nueva delegaci\u00f3n francesa es formalmente reconocida [&hellip;]<\/p>\n","protected":false},"author":1,"featured_media":0,"comment_status":"closed","ping_status":"open","sticky":false,"template":"","format":"standard","meta":{"footnotes":""},"categories":[187,206],"tags":[],"class_list":["post-24880","post","type-post","status-publish","format-standard","hentry","category-comunicados-del-gran-magisterio","category-delegacion-de-francia"],"_links":{"self":[{"href":"https:\/\/svil.constantinianorder.com\/es\/wp-json\/wp\/v2\/posts\/24880","targetHints":{"allow":["GET"]}}],"collection":[{"href":"https:\/\/svil.constantinianorder.com\/es\/wp-json\/wp\/v2\/posts"}],"about":[{"href":"https:\/\/svil.constantinianorder.com\/es\/wp-json\/wp\/v2\/types\/post"}],"author":[{"embeddable":true,"href":"https:\/\/svil.constantinianorder.com\/es\/wp-json\/wp\/v2\/users\/1"}],"replies":[{"embeddable":true,"href":"https:\/\/svil.constantinianorder.com\/es\/wp-json\/wp\/v2\/comments?post=24880"}],"version-history":[{"count":1,"href":"https:\/\/svil.constantinianorder.com\/es\/wp-json\/wp\/v2\/posts\/24880\/revisions"}],"predecessor-version":[{"id":57541,"href":"https:\/\/svil.constantinianorder.com\/es\/wp-json\/wp\/v2\/posts\/24880\/revisions\/57541"}],"wp:attachment":[{"href":"https:\/\/svil.constantinianorder.com\/es\/wp-json\/wp\/v2\/media?parent=24880"}],"wp:term":[{"taxonomy":"category","embeddable":true,"href":"https:\/\/svil.constantinianorder.com\/es\/wp-json\/wp\/v2\/categories?post=24880"},{"taxonomy":"post_tag","embeddable":true,"href":"https:\/\/svil.constantinianorder.com\/es\/wp-json\/wp\/v2\/tags?post=24880"}],"curies":[{"name":"wp","href":"https:\/\/api.w.org\/{rel}","templated":true}]}}