{"id":25038,"date":"2018-01-29T10:18:36","date_gmt":"2018-01-29T10:18:36","guid":{"rendered":"http:\/\/www.constantinianorder.net\/lombardia-santa-messa-in-suffragio-di-maria-cristina-di-borbone-delle-due-sicilie-2\/"},"modified":"2026-01-15T17:18:56","modified_gmt":"2026-01-15T17:18:56","slug":"lombardia-misa-en-sufragio-de-maria-cristina-di-borbon-de-las-dos-sicilias","status":"publish","type":"post","link":"https:\/\/svil.constantinianorder.com\/es\/lombardia-misa-en-sufragio-de-maria-cristina-di-borbon-de-las-dos-sicilias\/","title":{"rendered":"LOMBARDIA: MISA EN SUFRAGIO DE MARIA CRISTINA DE BORBON DE LAS DOS SICILIAS"},"content":{"rendered":"<p><img loading=\"lazy\" decoding=\"async\" class=\"alignnone size-medium wp-image-25033\" src=\"http:\/\/constantinianorder.net\/wp-content\/uploads\/2018\/01\/MESSA-MILANO1-1-225x300.jpeg\" alt=\"MESSA MILANO1\" width=\"225\" height=\"300\" \/><\/p>\n<p><strong>Mil\u00e1n, 26 enero 2018<\/strong>. En la iglesia del Carmine en Mil\u00e1n tuvo lugar la misa de recurrencia de beatificaci\u00f3n de Maria Cristina de Borb\u00f3n de las Dos Sicilias. La ceremonia fue presidida por Don Maurizio Ceriani. Participaron unos caballeros de la delegaci\u00f3n de Lombardia, guiados por el Delegado Vicario Se\u00f1or Giuseppe Rizzani y\u00a0 el Representante para la ciudad de Monza, Se\u00f1or Giuseppe Perego.<\/p>\n","protected":false},"excerpt":{"rendered":"<p>Mil\u00e1n, 26 enero 2018. En la iglesia del Carmine en Mil\u00e1n tuvo lugar la misa de recurrencia de beatificaci\u00f3n de Maria Cristina de Borb\u00f3n de las Dos Sicilias. La ceremonia fue presidida por Don Maurizio Ceriani. Participaron unos caballeros de la delegaci\u00f3n de Lombardia, guiados por el Delegado Vicario Se\u00f1or Giuseppe Rizzani y\u00a0 el Representante [&hellip;]<\/p>\n","protected":false},"author":1,"featured_media":0,"comment_status":"closed","ping_status":"open","sticky":false,"template":"","format":"standard","meta":{"footnotes":""},"categories":[154],"tags":[],"class_list":["post-25038","post","type-post","status-publish","format-standard","hentry","category-delegacion-de-lombardia"],"_links":{"self":[{"href":"https:\/\/svil.constantinianorder.com\/es\/wp-json\/wp\/v2\/posts\/25038","targetHints":{"allow":["GET"]}}],"collection":[{"href":"https:\/\/svil.constantinianorder.com\/es\/wp-json\/wp\/v2\/posts"}],"about":[{"href":"https:\/\/svil.constantinianorder.com\/es\/wp-json\/wp\/v2\/types\/post"}],"author":[{"embeddable":true,"href":"https:\/\/svil.constantinianorder.com\/es\/wp-json\/wp\/v2\/users\/1"}],"replies":[{"embeddable":true,"href":"https:\/\/svil.constantinianorder.com\/es\/wp-json\/wp\/v2\/comments?post=25038"}],"version-history":[{"count":1,"href":"https:\/\/svil.constantinianorder.com\/es\/wp-json\/wp\/v2\/posts\/25038\/revisions"}],"predecessor-version":[{"id":57567,"href":"https:\/\/svil.constantinianorder.com\/es\/wp-json\/wp\/v2\/posts\/25038\/revisions\/57567"}],"wp:attachment":[{"href":"https:\/\/svil.constantinianorder.com\/es\/wp-json\/wp\/v2\/media?parent=25038"}],"wp:term":[{"taxonomy":"category","embeddable":true,"href":"https:\/\/svil.constantinianorder.com\/es\/wp-json\/wp\/v2\/categories?post=25038"},{"taxonomy":"post_tag","embeddable":true,"href":"https:\/\/svil.constantinianorder.com\/es\/wp-json\/wp\/v2\/tags?post=25038"}],"curies":[{"name":"wp","href":"https:\/\/api.w.org\/{rel}","templated":true}]}}