{"id":25592,"date":"2018-02-26T12:26:58","date_gmt":"2018-02-26T12:26:58","guid":{"rendered":"http:\/\/www.constantinianorder.net\/lombardia-donazione-alla-croce-rossa-di-bergamo-2\/"},"modified":"2026-01-15T17:20:01","modified_gmt":"2026-01-15T17:20:01","slug":"lombardia-donacion-a-la-cruz-roja-de-bergamo","status":"publish","type":"post","link":"https:\/\/svil.constantinianorder.com\/es\/lombardia-donacion-a-la-cruz-roja-de-bergamo\/","title":{"rendered":"LOMBARDIA: DONACION EN VIGEVANO Y A LA CRUZ ROJA DE BERGAMO"},"content":{"rendered":"<p><strong><img loading=\"lazy\" decoding=\"async\" class=\"alignleft size-medium wp-image-25588\" src=\"http:\/\/constantinianorder.net\/wp-content\/uploads\/2018\/02\/bergamo-300x225.jpg\" alt=\"bergamo\" width=\"300\" height=\"225\" \/>Bergamo, 25 febrero 2018. <\/strong>Una delegaci\u00f3n para la ciudad de Bergamo, guidada por la Sra Veronica Grillo, ofreci\u00f3 quince confecciones de pa\u00f1ales a la Cruz Roja de la ciudad. La delegaci\u00f3n espera que esas donaciones podr\u00e1n ayudar a las familias necesitadas gracias a la colaboraci\u00f3n entre la Orden y la Cruz Roja.<strong><br \/>\n<\/strong><\/p>\n<p>&nbsp;<\/p>\n<p>&nbsp;<\/p>\n<p>&nbsp;<\/p>\n<p>&nbsp;<\/p>\n<p><img loading=\"lazy\" decoding=\"async\" class=\"alignleft size-medium wp-image-25577\" src=\"http:\/\/constantinianorder.net\/wp-content\/uploads\/2018\/02\/vigevano-300x180.jpg\" alt=\"vigevano\" width=\"300\" height=\"180\" \/><strong>Vigevano, 24 febrero 2018<\/strong>. La delegaci\u00f3n recientemente nacida en Vigevano, guidada por la Sra Maria Chiara Bollini, ofreci\u00f3 alimentos y productos para la higiene personal al Villeggio Duci, que acoge y cura a las personas ancianas. La delegaci\u00f3n agradece a la Sra Antonietta Galli y a las hu\u00e9spedes de la estructura por la cordial recepci\u00f3n.<\/p>\n","protected":false},"excerpt":{"rendered":"<p>Bergamo, 25 febrero 2018. Una delegaci\u00f3n para la ciudad de Bergamo, guidada por la Sra Veronica Grillo, ofreci\u00f3 quince confecciones de pa\u00f1ales a la Cruz Roja de la ciudad. La delegaci\u00f3n espera que esas donaciones podr\u00e1n ayudar a las familias necesitadas gracias a la colaboraci\u00f3n entre la Orden y la Cruz Roja. &nbsp; &nbsp; &nbsp; [&hellip;]<\/p>\n","protected":false},"author":1,"featured_media":0,"comment_status":"closed","ping_status":"open","sticky":false,"template":"","format":"standard","meta":{"footnotes":""},"categories":[154],"tags":[],"class_list":["post-25592","post","type-post","status-publish","format-standard","hentry","category-delegacion-de-lombardia"],"_links":{"self":[{"href":"https:\/\/svil.constantinianorder.com\/es\/wp-json\/wp\/v2\/posts\/25592","targetHints":{"allow":["GET"]}}],"collection":[{"href":"https:\/\/svil.constantinianorder.com\/es\/wp-json\/wp\/v2\/posts"}],"about":[{"href":"https:\/\/svil.constantinianorder.com\/es\/wp-json\/wp\/v2\/types\/post"}],"author":[{"embeddable":true,"href":"https:\/\/svil.constantinianorder.com\/es\/wp-json\/wp\/v2\/users\/1"}],"replies":[{"embeddable":true,"href":"https:\/\/svil.constantinianorder.com\/es\/wp-json\/wp\/v2\/comments?post=25592"}],"version-history":[{"count":1,"href":"https:\/\/svil.constantinianorder.com\/es\/wp-json\/wp\/v2\/posts\/25592\/revisions"}],"predecessor-version":[{"id":57698,"href":"https:\/\/svil.constantinianorder.com\/es\/wp-json\/wp\/v2\/posts\/25592\/revisions\/57698"}],"wp:attachment":[{"href":"https:\/\/svil.constantinianorder.com\/es\/wp-json\/wp\/v2\/media?parent=25592"}],"wp:term":[{"taxonomy":"category","embeddable":true,"href":"https:\/\/svil.constantinianorder.com\/es\/wp-json\/wp\/v2\/categories?post=25592"},{"taxonomy":"post_tag","embeddable":true,"href":"https:\/\/svil.constantinianorder.com\/es\/wp-json\/wp\/v2\/tags?post=25592"}],"curies":[{"name":"wp","href":"https:\/\/api.w.org\/{rel}","templated":true}]}}