{"id":26973,"date":"2018-04-17T14:55:12","date_gmt":"2018-04-17T14:55:12","guid":{"rendered":"http:\/\/www.constantinianorder.net\/toscana-riunione-formativa-2\/"},"modified":"2026-01-15T17:28:40","modified_gmt":"2026-01-15T17:28:40","slug":"toscana-conferencia-espiritual","status":"publish","type":"post","link":"https:\/\/svil.constantinianorder.com\/es\/toscana-conferencia-espiritual\/","title":{"rendered":"TOSCANA: CONFERENCIA ESPIRITUAL"},"content":{"rendered":"<p><strong><img loading=\"lazy\" decoding=\"async\" class=\"alignleft size-medium wp-image-26969\" src=\"http:\/\/constantinianorder.net\/wp-content\/uploads\/2018\/04\/toscana-18-apr_2-225x300.jpg\" alt=\"toscana 18 apr_2\" width=\"225\" height=\"300\" \/><\/strong><\/p>\n<p><img loading=\"lazy\" decoding=\"async\" class=\"alignleft size-medium wp-image-26968\" src=\"http:\/\/constantinianorder.net\/wp-content\/uploads\/2018\/04\/toscana-18-apr_1-225x300.jpg\" alt=\"toscana 18 apr_1\" width=\"225\" height=\"300\" \/><\/p>\n<p>&nbsp;<\/p>\n<p>&nbsp;<\/p>\n<p>&nbsp;<\/p>\n<p>&nbsp;<\/p>\n<p>&nbsp;<\/p>\n<p>&nbsp;<\/p>\n<p>&nbsp;<\/p>\n<p>&nbsp;<\/p>\n<p>&nbsp;<\/p>\n<p><strong>San Martino in Freddana &#8211; Lucca, 16 abril de\u00a02018<\/strong>. Se realiz\u00f3 un encuentro espiritual entitulado \u201cLa Chiesa: ostacolo o strumento di incontro con Ges\u00f9\u201d para los Caballeros y las Damas de la delegaci\u00f3n de Toscana. El orador, Don Marco Fabbri, logr\u00f3 atraer la atenci\u00f3n de los participantes.<\/p>\n<p><img loading=\"lazy\" decoding=\"async\" class=\"alignleft size-medium wp-image-26967\" src=\"http:\/\/constantinianorder.net\/wp-content\/uploads\/2018\/04\/toscana-18-apr-225x300.jpg\" alt=\"toscana 18 apr\" width=\"225\" height=\"300\" \/><\/p>\n","protected":false},"excerpt":{"rendered":"<p>&nbsp; &nbsp; &nbsp; &nbsp; &nbsp; &nbsp; &nbsp; &nbsp; &nbsp; San Martino in Freddana &#8211; Lucca, 16 abril de\u00a02018. Se realiz\u00f3 un encuentro espiritual entitulado \u201cLa Chiesa: ostacolo o strumento di incontro con Ges\u00f9\u201d para los Caballeros y las Damas de la delegaci\u00f3n de Toscana. El orador, Don Marco Fabbri, logr\u00f3 atraer la atenci\u00f3n de los [&hellip;]<\/p>\n","protected":false},"author":1,"featured_media":0,"comment_status":"closed","ping_status":"open","sticky":false,"template":"","format":"standard","meta":{"footnotes":""},"categories":[171],"tags":[],"class_list":["post-26973","post","type-post","status-publish","format-standard","hentry","category-delegacion-de-la-toscana"],"_links":{"self":[{"href":"https:\/\/svil.constantinianorder.com\/es\/wp-json\/wp\/v2\/posts\/26973","targetHints":{"allow":["GET"]}}],"collection":[{"href":"https:\/\/svil.constantinianorder.com\/es\/wp-json\/wp\/v2\/posts"}],"about":[{"href":"https:\/\/svil.constantinianorder.com\/es\/wp-json\/wp\/v2\/types\/post"}],"author":[{"embeddable":true,"href":"https:\/\/svil.constantinianorder.com\/es\/wp-json\/wp\/v2\/users\/1"}],"replies":[{"embeddable":true,"href":"https:\/\/svil.constantinianorder.com\/es\/wp-json\/wp\/v2\/comments?post=26973"}],"version-history":[{"count":1,"href":"https:\/\/svil.constantinianorder.com\/es\/wp-json\/wp\/v2\/posts\/26973\/revisions"}],"predecessor-version":[{"id":58057,"href":"https:\/\/svil.constantinianorder.com\/es\/wp-json\/wp\/v2\/posts\/26973\/revisions\/58057"}],"wp:attachment":[{"href":"https:\/\/svil.constantinianorder.com\/es\/wp-json\/wp\/v2\/media?parent=26973"}],"wp:term":[{"taxonomy":"category","embeddable":true,"href":"https:\/\/svil.constantinianorder.com\/es\/wp-json\/wp\/v2\/categories?post=26973"},{"taxonomy":"post_tag","embeddable":true,"href":"https:\/\/svil.constantinianorder.com\/es\/wp-json\/wp\/v2\/tags?post=26973"}],"curies":[{"name":"wp","href":"https:\/\/api.w.org\/{rel}","templated":true}]}}