{"id":27275,"date":"2018-04-24T12:33:17","date_gmt":"2018-04-24T12:33:17","guid":{"rendered":"http:\/\/www.constantinianorder.net\/calabria-pellegrinaggio-di-primavera-in-campania-2\/"},"modified":"2026-01-15T17:29:29","modified_gmt":"2026-01-15T17:29:29","slug":"calabria-peregrinacion-a-campania","status":"publish","type":"post","link":"https:\/\/svil.constantinianorder.com\/es\/calabria-peregrinacion-a-campania\/","title":{"rendered":"CALABRIA: PEREGRINACION A CAMPANIA"},"content":{"rendered":"<p><strong><img loading=\"lazy\" decoding=\"async\" class=\"alignleft size-medium wp-image-27266\" src=\"http:\/\/constantinianorder.net\/wp-content\/uploads\/2018\/04\/calabria-1-300x225.jpg\" alt=\"calabria 1\" width=\"300\" height=\"225\" \/><\/strong><\/p>\n<p><img loading=\"lazy\" decoding=\"async\" class=\"alignleft size-medium wp-image-27267\" src=\"http:\/\/constantinianorder.net\/wp-content\/uploads\/2018\/04\/1-Palazzo-Reale-Napoli_pellegrinaggio-Calabria-300x225.jpg\" alt=\"1 Palazzo Reale Napoli_pellegrinaggio Calabria\" width=\"300\" height=\"225\" \/><\/p>\n<p>&nbsp;<\/p>\n<p>&nbsp;<\/p>\n<p>&nbsp;<\/p>\n<p>&nbsp;<\/p>\n<p>&nbsp;<\/p>\n<p>&nbsp;<\/p>\n<p>&nbsp;<\/p>\n<p><strong>23 abril de 2018.<\/strong> Los Caballeros y las Damas de la delegaci\u00f3n de Calabria pasaron unos d\u00edas maravillosos en occasion de la peregrinaci\u00f3n a Campania. Una vez llegados a su destino, los Caballeros visitaron Pompei. Participaron en una misa solemne, presidida por Msgr. Canizzo, Vice Prior de la delegaci\u00f3n y Msgr. Adamo.<br \/>\nEl s\u00e1bado la delegaci\u00f3n visit\u00f3 Caserta, el Palacio Real de Caserta y sus jardines. Fueron tambi\u00e9n a San Leucio. Los Caballeros dedicaron su \u00faltimo d\u00eda a la visita de N\u00e1poles, donde la delegaci\u00f3n tuvo la oportunidad de visitar el Palacio Real y las calles m\u00e1s importantes de la ciudad. La delegaci\u00f3n encontr\u00f3 a unos Caballeros de la delegaci\u00f3n de N\u00e1poles, guidados por el Vice Delegado de la regi\u00f3n, el Sr. Donadoni.<\/p>\n","protected":false},"excerpt":{"rendered":"<p>&nbsp; &nbsp; &nbsp; &nbsp; &nbsp; &nbsp; &nbsp; 23 abril de 2018. Los Caballeros y las Damas de la delegaci\u00f3n de Calabria pasaron unos d\u00edas maravillosos en occasion de la peregrinaci\u00f3n a Campania. Una vez llegados a su destino, los Caballeros visitaron Pompei. Participaron en una misa solemne, presidida por Msgr. Canizzo, Vice Prior de la [&hellip;]<\/p>\n","protected":false},"author":1,"featured_media":0,"comment_status":"closed","ping_status":"open","sticky":false,"template":"","format":"standard","meta":{"footnotes":""},"categories":[162],"tags":[],"class_list":["post-27275","post","type-post","status-publish","format-standard","hentry","category-delegacion-de-la-calabria"],"_links":{"self":[{"href":"https:\/\/svil.constantinianorder.com\/es\/wp-json\/wp\/v2\/posts\/27275","targetHints":{"allow":["GET"]}}],"collection":[{"href":"https:\/\/svil.constantinianorder.com\/es\/wp-json\/wp\/v2\/posts"}],"about":[{"href":"https:\/\/svil.constantinianorder.com\/es\/wp-json\/wp\/v2\/types\/post"}],"author":[{"embeddable":true,"href":"https:\/\/svil.constantinianorder.com\/es\/wp-json\/wp\/v2\/users\/1"}],"replies":[{"embeddable":true,"href":"https:\/\/svil.constantinianorder.com\/es\/wp-json\/wp\/v2\/comments?post=27275"}],"version-history":[{"count":1,"href":"https:\/\/svil.constantinianorder.com\/es\/wp-json\/wp\/v2\/posts\/27275\/revisions"}],"predecessor-version":[{"id":58150,"href":"https:\/\/svil.constantinianorder.com\/es\/wp-json\/wp\/v2\/posts\/27275\/revisions\/58150"}],"wp:attachment":[{"href":"https:\/\/svil.constantinianorder.com\/es\/wp-json\/wp\/v2\/media?parent=27275"}],"wp:term":[{"taxonomy":"category","embeddable":true,"href":"https:\/\/svil.constantinianorder.com\/es\/wp-json\/wp\/v2\/categories?post=27275"},{"taxonomy":"post_tag","embeddable":true,"href":"https:\/\/svil.constantinianorder.com\/es\/wp-json\/wp\/v2\/tags?post=27275"}],"curies":[{"name":"wp","href":"https:\/\/api.w.org\/{rel}","templated":true}]}}