{"id":27288,"date":"2018-04-17T12:45:15","date_gmt":"2018-04-17T12:45:15","guid":{"rendered":"http:\/\/www.constantinianorder.net\/il-duca-di-castro-gran-maestro-ricevuto-dal-luogotenente-di-gran-maestro-del-sovrano-ordine-di-malta-2\/"},"modified":"2026-01-15T17:28:31","modified_gmt":"2026-01-15T17:28:31","slug":"sar-el-duque-de-castro-gran-maestro-fue-recibido-por-el-lugarteniente-del-gran-maestro-de-la-orden-de-malta","status":"publish","type":"post","link":"https:\/\/svil.constantinianorder.com\/es\/sar-el-duque-de-castro-gran-maestro-fue-recibido-por-el-lugarteniente-del-gran-maestro-de-la-orden-de-malta\/","title":{"rendered":"SAR el Duque de Castro, Gran Maestro, fue recibido por el Lugarteniente del Gran Maestro de la Orden de Malta"},"content":{"rendered":"<p><img loading=\"lazy\" decoding=\"async\" class=\"alignleft size-medium wp-image-27282\" src=\"http:\/\/constantinianorder.net\/wp-content\/uploads\/2018\/04\/Foto-Duca-di-Castro-e-Luogotenente-del-Gran-Maestro-300x221.jpg\" alt=\"Foto Duca di Castro e Luogotenente del Gran Maestro\" width=\"300\" height=\"221\" \/><\/p>\n<p>&nbsp;<\/p>\n<p>&nbsp;<\/p>\n<p>&nbsp;<\/p>\n<p>&nbsp;<\/p>\n<p>&nbsp;<\/p>\n<p>&nbsp;<\/p>\n<p>&nbsp;<\/p>\n<p>El 17 abril de 2018 a las 4 de la tarde S.A.R. el Pr\u00edncipe Carlos de Borb\u00f3n de las Dos Sicilias, Duque de Castro, Jefe de la Casa Real de Borb\u00f3n de las Dos Sicilias y Gran Maestro, fue recibido por S.E.\u00a0Frey Giacomo Dalla Torre del Tempio di Sanguinetto,\u00a0Lugarteniente del Gran Maestro de la Orden de Malta.<\/p>\n<p>&nbsp;<\/p>\n<p><img loading=\"lazy\" decoding=\"async\" class=\"alignleft size-medium wp-image-27281\" src=\"http:\/\/constantinianorder.net\/wp-content\/uploads\/2018\/04\/IMG_2438-300x267.jpg\" alt=\"IMG_2438\" width=\"300\" height=\"267\" \/><\/p>\n","protected":false},"excerpt":{"rendered":"<p>&nbsp; &nbsp; &nbsp; &nbsp; &nbsp; &nbsp; &nbsp; El 17 abril de 2018 a las 4 de la tarde S.A.R. el Pr\u00edncipe Carlos de Borb\u00f3n de las Dos Sicilias, Duque de Castro, Jefe de la Casa Real de Borb\u00f3n de las Dos Sicilias y Gran Maestro, fue recibido por S.E.\u00a0Frey Giacomo Dalla Torre del Tempio di [&hellip;]<\/p>\n","protected":false},"author":1,"featured_media":0,"comment_status":"closed","ping_status":"open","sticky":false,"template":"","format":"standard","meta":{"footnotes":""},"categories":[187],"tags":[],"class_list":["post-27288","post","type-post","status-publish","format-standard","hentry","category-comunicados-del-gran-magisterio"],"_links":{"self":[{"href":"https:\/\/svil.constantinianorder.com\/es\/wp-json\/wp\/v2\/posts\/27288","targetHints":{"allow":["GET"]}}],"collection":[{"href":"https:\/\/svil.constantinianorder.com\/es\/wp-json\/wp\/v2\/posts"}],"about":[{"href":"https:\/\/svil.constantinianorder.com\/es\/wp-json\/wp\/v2\/types\/post"}],"author":[{"embeddable":true,"href":"https:\/\/svil.constantinianorder.com\/es\/wp-json\/wp\/v2\/users\/1"}],"replies":[{"embeddable":true,"href":"https:\/\/svil.constantinianorder.com\/es\/wp-json\/wp\/v2\/comments?post=27288"}],"version-history":[{"count":1,"href":"https:\/\/svil.constantinianorder.com\/es\/wp-json\/wp\/v2\/posts\/27288\/revisions"}],"predecessor-version":[{"id":58037,"href":"https:\/\/svil.constantinianorder.com\/es\/wp-json\/wp\/v2\/posts\/27288\/revisions\/58037"}],"wp:attachment":[{"href":"https:\/\/svil.constantinianorder.com\/es\/wp-json\/wp\/v2\/media?parent=27288"}],"wp:term":[{"taxonomy":"category","embeddable":true,"href":"https:\/\/svil.constantinianorder.com\/es\/wp-json\/wp\/v2\/categories?post=27288"},{"taxonomy":"post_tag","embeddable":true,"href":"https:\/\/svil.constantinianorder.com\/es\/wp-json\/wp\/v2\/tags?post=27288"}],"curies":[{"name":"wp","href":"https:\/\/api.w.org\/{rel}","templated":true}]}}