{"id":27349,"date":"2018-04-26T17:29:22","date_gmt":"2018-04-26T17:29:22","guid":{"rendered":"http:\/\/www.constantinianorder.net\/rassegna-stampa-filodirettomonreale-it-25-aprile-2018-2\/"},"modified":"2026-01-15T17:29:34","modified_gmt":"2026-01-15T17:29:34","slug":"revista-de-prensa-filodirettomonreale-it-25-abril-de-2018","status":"publish","type":"post","link":"https:\/\/svil.constantinianorder.com\/es\/revista-de-prensa-filodirettomonreale-it-25-abril-de-2018\/","title":{"rendered":"Revista de Prensa: filodirettomonreale.it- 25 abril de 2018"},"content":{"rendered":"<p>Su Eminencia el Cardenal Parolin y S.A.R. la Princesa Beatriz de Borb\u00f3n de las Dos Sicilias en Monreale.<\/p>\n<p>Ver m\u00e1s <a href=\"https:\/\/www.filodirettomonreale.it\/2018\/04\/25\/monreale-cardinale-pietro-parolin-segretario-sua-santita-la-conclusione-dellanno-giubilare-del-750-anniversario-della-dedicazione-della-basilica-cattedrale\/?refresh_ce\">aqu\u00ed.<\/a><\/p>\n","protected":false},"excerpt":{"rendered":"<p>Su Eminencia el Cardenal Parolin y S.A.R. la Princesa Beatriz de Borb\u00f3n de las Dos Sicilias en Monreale. Ver m\u00e1s aqu\u00ed.<\/p>\n","protected":false},"author":1,"featured_media":0,"comment_status":"closed","ping_status":"open","sticky":false,"template":"","format":"standard","meta":{"footnotes":""},"categories":[163],"tags":[],"class_list":["post-27349","post","type-post","status-publish","format-standard","hentry","category-revista-de-prensa"],"_links":{"self":[{"href":"https:\/\/svil.constantinianorder.com\/es\/wp-json\/wp\/v2\/posts\/27349","targetHints":{"allow":["GET"]}}],"collection":[{"href":"https:\/\/svil.constantinianorder.com\/es\/wp-json\/wp\/v2\/posts"}],"about":[{"href":"https:\/\/svil.constantinianorder.com\/es\/wp-json\/wp\/v2\/types\/post"}],"author":[{"embeddable":true,"href":"https:\/\/svil.constantinianorder.com\/es\/wp-json\/wp\/v2\/users\/1"}],"replies":[{"embeddable":true,"href":"https:\/\/svil.constantinianorder.com\/es\/wp-json\/wp\/v2\/comments?post=27349"}],"version-history":[{"count":1,"href":"https:\/\/svil.constantinianorder.com\/es\/wp-json\/wp\/v2\/posts\/27349\/revisions"}],"predecessor-version":[{"id":58162,"href":"https:\/\/svil.constantinianorder.com\/es\/wp-json\/wp\/v2\/posts\/27349\/revisions\/58162"}],"wp:attachment":[{"href":"https:\/\/svil.constantinianorder.com\/es\/wp-json\/wp\/v2\/media?parent=27349"}],"wp:term":[{"taxonomy":"category","embeddable":true,"href":"https:\/\/svil.constantinianorder.com\/es\/wp-json\/wp\/v2\/categories?post=27349"},{"taxonomy":"post_tag","embeddable":true,"href":"https:\/\/svil.constantinianorder.com\/es\/wp-json\/wp\/v2\/tags?post=27349"}],"curies":[{"name":"wp","href":"https:\/\/api.w.org\/{rel}","templated":true}]}}