{"id":27384,"date":"2018-04-30T09:48:00","date_gmt":"2018-04-30T09:48:00","guid":{"rendered":"http:\/\/www.constantinianorder.net\/toscana-briciole-di-salute-a-viareggio-3-2\/"},"modified":"2026-01-15T17:29:36","modified_gmt":"2026-01-15T17:29:36","slug":"toscana-briciole-di-salute-en-viareggio-3","status":"publish","type":"post","link":"https:\/\/svil.constantinianorder.com\/es\/toscana-briciole-di-salute-en-viareggio-3\/","title":{"rendered":"TOSCANA: BRICIOLE DI SALUTE EN VIAREGGIO"},"content":{"rendered":"<p><strong><img loading=\"lazy\" decoding=\"async\" class=\"alignleft size-medium wp-image-27380\" src=\"http:\/\/constantinianorder.net\/wp-content\/uploads\/2018\/05\/apr-13-225x300.jpg\" alt=\"apr 13\" width=\"225\" height=\"300\" \/><\/strong><\/p>\n<p><img loading=\"lazy\" decoding=\"async\" class=\"alignleft size-medium wp-image-27379\" src=\"http:\/\/constantinianorder.net\/wp-content\/uploads\/2018\/05\/apr-12-225x300.jpg\" alt=\"apr 12\" width=\"225\" height=\"300\" \/><\/p>\n<p>&nbsp;<\/p>\n<p>&nbsp;<\/p>\n<p>&nbsp;<\/p>\n<p>&nbsp;<\/p>\n<p>&nbsp;<\/p>\n<p>&nbsp;<\/p>\n<p>&nbsp;<\/p>\n<p>&nbsp;<\/p>\n<p>&nbsp;<\/p>\n<p><strong>Viareggio, 27 abril de 2018<\/strong>. En nombre de la delegaci\u00f3n de Toscana, el Sr. Alessandro Freschi, Caballero de M\u00e9rito, ofreci\u00f3 unos alimentos a la cooperativa \u00abAurora\u00bb. La donaci\u00f3n es parte del proyecto \u00abBriciole di Salute\u00bb.<\/p>\n","protected":false},"excerpt":{"rendered":"<p>&nbsp; &nbsp; &nbsp; &nbsp; &nbsp; &nbsp; &nbsp; &nbsp; &nbsp; Viareggio, 27 abril de 2018. En nombre de la delegaci\u00f3n de Toscana, el Sr. Alessandro Freschi, Caballero de M\u00e9rito, ofreci\u00f3 unos alimentos a la cooperativa \u00abAurora\u00bb. La donaci\u00f3n es parte del proyecto \u00abBriciole di Salute\u00bb.<\/p>\n","protected":false},"author":1,"featured_media":0,"comment_status":"closed","ping_status":"open","sticky":false,"template":"","format":"standard","meta":{"footnotes":""},"categories":[171],"tags":[],"class_list":["post-27384","post","type-post","status-publish","format-standard","hentry","category-delegacion-de-la-toscana"],"_links":{"self":[{"href":"https:\/\/svil.constantinianorder.com\/es\/wp-json\/wp\/v2\/posts\/27384","targetHints":{"allow":["GET"]}}],"collection":[{"href":"https:\/\/svil.constantinianorder.com\/es\/wp-json\/wp\/v2\/posts"}],"about":[{"href":"https:\/\/svil.constantinianorder.com\/es\/wp-json\/wp\/v2\/types\/post"}],"author":[{"embeddable":true,"href":"https:\/\/svil.constantinianorder.com\/es\/wp-json\/wp\/v2\/users\/1"}],"replies":[{"embeddable":true,"href":"https:\/\/svil.constantinianorder.com\/es\/wp-json\/wp\/v2\/comments?post=27384"}],"version-history":[{"count":1,"href":"https:\/\/svil.constantinianorder.com\/es\/wp-json\/wp\/v2\/posts\/27384\/revisions"}],"predecessor-version":[{"id":58170,"href":"https:\/\/svil.constantinianorder.com\/es\/wp-json\/wp\/v2\/posts\/27384\/revisions\/58170"}],"wp:attachment":[{"href":"https:\/\/svil.constantinianorder.com\/es\/wp-json\/wp\/v2\/media?parent=27384"}],"wp:term":[{"taxonomy":"category","embeddable":true,"href":"https:\/\/svil.constantinianorder.com\/es\/wp-json\/wp\/v2\/categories?post=27384"},{"taxonomy":"post_tag","embeddable":true,"href":"https:\/\/svil.constantinianorder.com\/es\/wp-json\/wp\/v2\/tags?post=27384"}],"curies":[{"name":"wp","href":"https:\/\/api.w.org\/{rel}","templated":true}]}}