{"id":27411,"date":"2018-04-30T10:38:03","date_gmt":"2018-04-30T10:38:03","guid":{"rendered":"http:\/\/www.constantinianorder.net\/piemonte-e-valle-daosta-consegna-allassociazione-regina-elena-2\/"},"modified":"2026-01-15T17:29:41","modified_gmt":"2026-01-15T17:29:41","slug":"piamonte-y-valle-de-aosta-entrega-de-la-rosa-de-oro","status":"publish","type":"post","link":"https:\/\/svil.constantinianorder.com\/es\/piamonte-y-valle-de-aosta-entrega-de-la-rosa-de-oro\/","title":{"rendered":"PIAMONTE Y VALLE DE AOSTA: ENTREGA DE LA \u00abROSA DE ORO\u00bb"},"content":{"rendered":"<p><img loading=\"lazy\" decoding=\"async\" class=\"alignleft size-medium wp-image-27407\" src=\"http:\/\/constantinianorder.net\/wp-content\/uploads\/2018\/05\/piemonte-regina-elena-300x169.jpg\" alt=\"piemonte regina elena\" width=\"300\" height=\"169\" \/>Despu\u00e9s de recibir la invitaci\u00f3n por parte de la asociaci\u00f3n Regina Elena, dos representantes de la delegaci\u00f3n fueron al Santuario de Vicoforte donde participaron en el d\u00eda de oraciones en ocasi\u00f3n del 81 aniversario de la entrega de la Rosa de Oro a la asociaci\u00f3n.<\/p>\n<p>&nbsp;<\/p>\n","protected":false},"excerpt":{"rendered":"<p>Despu\u00e9s de recibir la invitaci\u00f3n por parte de la asociaci\u00f3n Regina Elena, dos representantes de la delegaci\u00f3n fueron al Santuario de Vicoforte donde participaron en el d\u00eda de oraciones en ocasi\u00f3n del 81 aniversario de la entrega de la Rosa de Oro a la asociaci\u00f3n. &nbsp;<\/p>\n","protected":false},"author":1,"featured_media":0,"comment_status":"closed","ping_status":"open","sticky":false,"template":"","format":"standard","meta":{"footnotes":""},"categories":[175],"tags":[],"class_list":["post-27411","post","type-post","status-publish","format-standard","hentry","category-delegacion-de-piamonte-y-valle-de-aosta"],"_links":{"self":[{"href":"https:\/\/svil.constantinianorder.com\/es\/wp-json\/wp\/v2\/posts\/27411","targetHints":{"allow":["GET"]}}],"collection":[{"href":"https:\/\/svil.constantinianorder.com\/es\/wp-json\/wp\/v2\/posts"}],"about":[{"href":"https:\/\/svil.constantinianorder.com\/es\/wp-json\/wp\/v2\/types\/post"}],"author":[{"embeddable":true,"href":"https:\/\/svil.constantinianorder.com\/es\/wp-json\/wp\/v2\/users\/1"}],"replies":[{"embeddable":true,"href":"https:\/\/svil.constantinianorder.com\/es\/wp-json\/wp\/v2\/comments?post=27411"}],"version-history":[{"count":1,"href":"https:\/\/svil.constantinianorder.com\/es\/wp-json\/wp\/v2\/posts\/27411\/revisions"}],"predecessor-version":[{"id":58178,"href":"https:\/\/svil.constantinianorder.com\/es\/wp-json\/wp\/v2\/posts\/27411\/revisions\/58178"}],"wp:attachment":[{"href":"https:\/\/svil.constantinianorder.com\/es\/wp-json\/wp\/v2\/media?parent=27411"}],"wp:term":[{"taxonomy":"category","embeddable":true,"href":"https:\/\/svil.constantinianorder.com\/es\/wp-json\/wp\/v2\/categories?post=27411"},{"taxonomy":"post_tag","embeddable":true,"href":"https:\/\/svil.constantinianorder.com\/es\/wp-json\/wp\/v2\/tags?post=27411"}],"curies":[{"name":"wp","href":"https:\/\/api.w.org\/{rel}","templated":true}]}}