{"id":27524,"date":"2018-04-23T13:56:52","date_gmt":"2018-04-23T13:56:52","guid":{"rendered":"http:\/\/www.constantinianorder.net\/marche-e-umbria-incontro-a-loreto-2\/"},"modified":"2026-02-03T16:28:45","modified_gmt":"2026-02-03T16:28:45","slug":"marcas-y-umbria-encuentro-en-loreto","status":"publish","type":"post","link":"https:\/\/svil.constantinianorder.com\/es\/marcas-y-umbria-encuentro-en-loreto\/","title":{"rendered":"MARCAS Y UMBRIA: ENCUENTRO EN LORETO"},"content":{"rendered":"<p><img loading=\"lazy\" decoding=\"async\" class=\"alignleft size-medium wp-image-27519\" src=\"http:\/\/constantinianorder.net\/wp-content\/uploads\/2018\/05\/Loreto-21aprile-6453-1-300x200.jpg\" alt=\"Loreto-21aprile-6453\" width=\"300\" height=\"200\" \/><\/p>\n<p>Unos Caballeros y Damas de la delegaci\u00f3n de San Marino y de las Marcas y Umbria se encontraron en Loreto el 21 abril de 2018. Participaron en la misa solemne presidida por Su Eminencia el Cardenal Menichelli. Luego la delegaci\u00f3n encontr\u00f3 al Delegado, Sr Claudio Marciano di Scala, Patrizio di Scala. Su Eminencia subray\u00f3 la importancia de vivir seg\u00fan los valores de la Orden. Los nuevos Caballeros recibieron sus diplomas despu\u00e9s de la bendici\u00f3n del Cardenal.<\/p>\n","protected":false},"excerpt":{"rendered":"<p>Unos Caballeros y Damas de la delegaci\u00f3n de San Marino y de las Marcas y Umbria se encontraron en Loreto el 21 abril de 2018. Participaron en la misa solemne presidida por Su Eminencia el Cardenal Menichelli. Luego la delegaci\u00f3n encontr\u00f3 al Delegado, Sr Claudio Marciano di Scala, Patrizio di Scala. Su Eminencia subray\u00f3 la [&hellip;]<\/p>\n","protected":false},"author":1,"featured_media":0,"comment_status":"closed","ping_status":"open","sticky":false,"template":"","format":"standard","meta":{"footnotes":""},"categories":[284,290],"tags":[],"class_list":["post-27524","post","type-post","status-publish","format-standard","hentry","category-delegacion-de-las-marcas-y-umbria","category-delegazione-repubblica-di-san-marino"],"_links":{"self":[{"href":"https:\/\/svil.constantinianorder.com\/es\/wp-json\/wp\/v2\/posts\/27524","targetHints":{"allow":["GET"]}}],"collection":[{"href":"https:\/\/svil.constantinianorder.com\/es\/wp-json\/wp\/v2\/posts"}],"about":[{"href":"https:\/\/svil.constantinianorder.com\/es\/wp-json\/wp\/v2\/types\/post"}],"author":[{"embeddable":true,"href":"https:\/\/svil.constantinianorder.com\/es\/wp-json\/wp\/v2\/users\/1"}],"replies":[{"embeddable":true,"href":"https:\/\/svil.constantinianorder.com\/es\/wp-json\/wp\/v2\/comments?post=27524"}],"version-history":[{"count":1,"href":"https:\/\/svil.constantinianorder.com\/es\/wp-json\/wp\/v2\/posts\/27524\/revisions"}],"predecessor-version":[{"id":58134,"href":"https:\/\/svil.constantinianorder.com\/es\/wp-json\/wp\/v2\/posts\/27524\/revisions\/58134"}],"wp:attachment":[{"href":"https:\/\/svil.constantinianorder.com\/es\/wp-json\/wp\/v2\/media?parent=27524"}],"wp:term":[{"taxonomy":"category","embeddable":true,"href":"https:\/\/svil.constantinianorder.com\/es\/wp-json\/wp\/v2\/categories?post=27524"},{"taxonomy":"post_tag","embeddable":true,"href":"https:\/\/svil.constantinianorder.com\/es\/wp-json\/wp\/v2\/tags?post=27524"}],"curies":[{"name":"wp","href":"https:\/\/api.w.org\/{rel}","templated":true}]}}