{"id":27606,"date":"2018-05-04T18:28:48","date_gmt":"2018-05-04T18:28:48","guid":{"rendered":"http:\/\/www.constantinianorder.net\/s-a-r-il-duca-di-castro-esprime-la-proprie-felicitazioni-a-fra-giacomo-dalla-torre-del-tempio-di-sanguinetto-80-gran-maestro-dellordine-di-malta-2\/"},"modified":"2026-01-15T17:29:50","modified_gmt":"2026-01-15T17:29:50","slug":"s-a-r-el-duque-de-castro-expresa-sus-felicitaciones-a-fra-giacomo-dalla-torre-del-tempio-di-sanguinetto-80-gran-maestro-de-la-orden-de-malta","status":"publish","type":"post","link":"https:\/\/svil.constantinianorder.com\/es\/s-a-r-el-duque-de-castro-expresa-sus-felicitaciones-a-fra-giacomo-dalla-torre-del-tempio-di-sanguinetto-80-gran-maestro-de-la-orden-de-malta\/","title":{"rendered":"S.A.R. EL DUQUE DE CASTRO EXPRESA SUS FELICITACIONES A FRA GIACOMO DALLA TORRE DEL TEMPIO DI SANGUINETTO, 80\u00b0 GRAN MAESTRO DE LA ORDEN DE MALTA"},"content":{"rendered":"<p><img loading=\"lazy\" decoding=\"async\" class=\"alignleft size-full wp-image-8419\" src=\"http:\/\/constantinianorder.net\/wp-content\/uploads\/2013\/01\/CO-Cross-150x150-e1427210972471.png\" alt=\"CO Cross 150x150\" width=\"94\" height=\"94\" \/> <strong>Roma &#8211; 2 mayo de 2018<\/strong> &#8211;\u00a0 S.A.R. il Pr\u00edncipe Carlos de Borb\u00f3n de las Dos Sicilias, Duque de Castro, Gran Maestro y Jefe de la Casa Real de Borb\u00f3n de las Dos Sicilias, expres\u00f3 sus felicitaciones a Fra\u2019 Giacomo Dalla Torre del Tempio di Sanguinetto, Caballero de Gran Cruz de Justicia, elegido 80\u00b0 Gran Maestro de la Orden de Malta.<\/p>\n","protected":false},"excerpt":{"rendered":"<p>Roma &#8211; 2 mayo de 2018 &#8211;\u00a0 S.A.R. il Pr\u00edncipe Carlos de Borb\u00f3n de las Dos Sicilias, Duque de Castro, Gran Maestro y Jefe de la Casa Real de Borb\u00f3n de las Dos Sicilias, expres\u00f3 sus felicitaciones a Fra\u2019 Giacomo Dalla Torre del Tempio di Sanguinetto, Caballero de Gran Cruz de Justicia, elegido 80\u00b0 Gran [&hellip;]<\/p>\n","protected":false},"author":1,"featured_media":0,"comment_status":"closed","ping_status":"open","sticky":false,"template":"","format":"standard","meta":{"footnotes":""},"categories":[187],"tags":[],"class_list":["post-27606","post","type-post","status-publish","format-standard","hentry","category-comunicados-del-gran-magisterio"],"_links":{"self":[{"href":"https:\/\/svil.constantinianorder.com\/es\/wp-json\/wp\/v2\/posts\/27606","targetHints":{"allow":["GET"]}}],"collection":[{"href":"https:\/\/svil.constantinianorder.com\/es\/wp-json\/wp\/v2\/posts"}],"about":[{"href":"https:\/\/svil.constantinianorder.com\/es\/wp-json\/wp\/v2\/types\/post"}],"author":[{"embeddable":true,"href":"https:\/\/svil.constantinianorder.com\/es\/wp-json\/wp\/v2\/users\/1"}],"replies":[{"embeddable":true,"href":"https:\/\/svil.constantinianorder.com\/es\/wp-json\/wp\/v2\/comments?post=27606"}],"version-history":[{"count":1,"href":"https:\/\/svil.constantinianorder.com\/es\/wp-json\/wp\/v2\/posts\/27606\/revisions"}],"predecessor-version":[{"id":58198,"href":"https:\/\/svil.constantinianorder.com\/es\/wp-json\/wp\/v2\/posts\/27606\/revisions\/58198"}],"wp:attachment":[{"href":"https:\/\/svil.constantinianorder.com\/es\/wp-json\/wp\/v2\/media?parent=27606"}],"wp:term":[{"taxonomy":"category","embeddable":true,"href":"https:\/\/svil.constantinianorder.com\/es\/wp-json\/wp\/v2\/categories?post=27606"},{"taxonomy":"post_tag","embeddable":true,"href":"https:\/\/svil.constantinianorder.com\/es\/wp-json\/wp\/v2\/tags?post=27606"}],"curies":[{"name":"wp","href":"https:\/\/api.w.org\/{rel}","templated":true}]}}