{"id":27637,"date":"2018-05-14T16:40:47","date_gmt":"2018-05-14T16:40:47","guid":{"rendered":"http:\/\/www.constantinianorder.net\/s-a-r-il-principe-carlo-di-borbone-delle-due-sicilie-duca-di-castro-capo-della-real-casa-e-gran-maestro-dellordine-costantiniano-di-san-giorgio-incontra-il-segretario-generale-della-difesa-2\/"},"modified":"2026-01-15T17:30:02","modified_gmt":"2026-01-15T17:30:02","slug":"s-a-r-el-principe-carlos-de-borbon-de-las-dos-sicilias-duque-de-castro-jefe-de-la-casa-real-y-gran-maestro-de-la-orden-constantiniana-de-san-jorge-encuentra-al-secretario-general-de-la-defensa-gen","status":"publish","type":"post","link":"https:\/\/svil.constantinianorder.com\/es\/s-a-r-el-principe-carlos-de-borbon-de-las-dos-sicilias-duque-de-castro-jefe-de-la-casa-real-y-gran-maestro-de-la-orden-constantiniana-de-san-jorge-encuentra-al-secretario-general-de-la-defensa-gen\/","title":{"rendered":"S.A.R. EL PRINCIPE CARLOS DE BORBON DE LAS DOS SICILIAS, DUQUE DE CASTRO, JEFE DE LA CASA REAL Y GRAN MAESTRO DE LA ORDEN CONSTANTINIANA DE SAN JORGE ENCUENTRA AL SECRETARIO GENERAL DE LA DEFENSA, GENERAL CARLO MAGRASSI"},"content":{"rendered":"<p><img loading=\"lazy\" decoding=\"async\" class=\"size-full wp-image-27631 alignleft\" src=\"http:\/\/constantinianorder.net\/wp-content\/uploads\/2018\/05\/foto-1_rit-1.jpg\" alt=\"foto 1_rit\" width=\"484\" height=\"363\" \/><\/p>\n<p><strong>Roma, 10 mayo de 2018<\/strong>. S.A.R. el Pr\u00edncipe Carlos de Borb\u00f3n de las Dos Sicilias, Duque de Castro y Gran Maestro de la Orden Constantiniana, encontr\u00f3 al Secretario General de la Defensa, el General\u00a0Carlo Magrassi.<br \/>\nDurante el cordial encuentro, S.A.R. el Duque de Castro dio\u00a0el diploma de Comendador de M\u00e9rito con Placa al General\u00a0Magrassi.<\/p>\n<p>&nbsp;<\/p>\n<p>&nbsp;<\/p>\n","protected":false},"excerpt":{"rendered":"<p>Roma, 10 mayo de 2018. S.A.R. el Pr\u00edncipe Carlos de Borb\u00f3n de las Dos Sicilias, Duque de Castro y Gran Maestro de la Orden Constantiniana, encontr\u00f3 al Secretario General de la Defensa, el General\u00a0Carlo Magrassi. Durante el cordial encuentro, S.A.R. el Duque de Castro dio\u00a0el diploma de Comendador de M\u00e9rito con Placa al General\u00a0Magrassi. &nbsp; [&hellip;]<\/p>\n","protected":false},"author":1,"featured_media":0,"comment_status":"closed","ping_status":"open","sticky":false,"template":"","format":"standard","meta":{"footnotes":""},"categories":[187],"tags":[],"class_list":["post-27637","post","type-post","status-publish","format-standard","hentry","category-comunicados-del-gran-magisterio"],"_links":{"self":[{"href":"https:\/\/svil.constantinianorder.com\/es\/wp-json\/wp\/v2\/posts\/27637","targetHints":{"allow":["GET"]}}],"collection":[{"href":"https:\/\/svil.constantinianorder.com\/es\/wp-json\/wp\/v2\/posts"}],"about":[{"href":"https:\/\/svil.constantinianorder.com\/es\/wp-json\/wp\/v2\/types\/post"}],"author":[{"embeddable":true,"href":"https:\/\/svil.constantinianorder.com\/es\/wp-json\/wp\/v2\/users\/1"}],"replies":[{"embeddable":true,"href":"https:\/\/svil.constantinianorder.com\/es\/wp-json\/wp\/v2\/comments?post=27637"}],"version-history":[{"count":1,"href":"https:\/\/svil.constantinianorder.com\/es\/wp-json\/wp\/v2\/posts\/27637\/revisions"}],"predecessor-version":[{"id":58222,"href":"https:\/\/svil.constantinianorder.com\/es\/wp-json\/wp\/v2\/posts\/27637\/revisions\/58222"}],"wp:attachment":[{"href":"https:\/\/svil.constantinianorder.com\/es\/wp-json\/wp\/v2\/media?parent=27637"}],"wp:term":[{"taxonomy":"category","embeddable":true,"href":"https:\/\/svil.constantinianorder.com\/es\/wp-json\/wp\/v2\/categories?post=27637"},{"taxonomy":"post_tag","embeddable":true,"href":"https:\/\/svil.constantinianorder.com\/es\/wp-json\/wp\/v2\/tags?post=27637"}],"curies":[{"name":"wp","href":"https:\/\/api.w.org\/{rel}","templated":true}]}}