{"id":27659,"date":"2018-05-14T17:25:32","date_gmt":"2018-05-14T17:25:32","guid":{"rendered":"http:\/\/www.constantinianorder.net\/piemonte-e-valle-daosta-santa-messa-e-donazione-2\/"},"modified":"2026-01-15T17:30:03","modified_gmt":"2026-01-15T17:30:03","slug":"piamonte-y-valle-de-aosta-liturgia-solemne-y-donacion","status":"publish","type":"post","link":"https:\/\/svil.constantinianorder.com\/es\/piamonte-y-valle-de-aosta-liturgia-solemne-y-donacion\/","title":{"rendered":"PIAMONTE Y VALLE DE AOSTA: LITURGIA SOLEMNE Y DONACION"},"content":{"rendered":"<p><img loading=\"lazy\" decoding=\"async\" class=\"size-full wp-image-27650 alignleft\" src=\"http:\/\/constantinianorder.net\/wp-content\/uploads\/2018\/05\/05736ea3-886a-4de3-bf80-6feed1c4dd35.jpg\" alt=\"05736ea3-886a-4de3-bf80-6feed1c4dd35\" width=\"278\" height=\"304\" \/><\/p>\n<p>&nbsp;<\/p>\n<p>&nbsp;<\/p>\n<p>&nbsp;<\/p>\n<p>&nbsp;<\/p>\n<p>&nbsp;<\/p>\n<p>&nbsp;<\/p>\n<p>&nbsp;<\/p>\n<p>&nbsp;<\/p>\n<p>&nbsp;<\/p>\n<p><strong>El 8 marzo de 2018 <\/strong>se realiz\u00f3 una liturgia solemne en la Confraternita della S. Croce (Cuneo). Luego la delegaci\u00f3n don\u00f3 unos alimentos a la casa de acogida local que est\u00e1 ubicada al interior de la iglesia.<\/p>\n<p>&nbsp;<br \/>\n<img loading=\"lazy\" decoding=\"async\" class=\"size-full wp-image-27649 alignleft\" src=\"http:\/\/constantinianorder.net\/wp-content\/uploads\/2018\/05\/8d10d343-5606-48da-a32d-4d0684d07cbc.jpg\" alt=\"8d10d343-5606-48da-a32d-4d0684d07cbc\" width=\"410\" height=\"308\" \/><\/p>\n","protected":false},"excerpt":{"rendered":"<p>&nbsp; &nbsp; &nbsp; &nbsp; &nbsp; &nbsp; &nbsp; &nbsp; &nbsp; El 8 marzo de 2018 se realiz\u00f3 una liturgia solemne en la Confraternita della S. Croce (Cuneo). Luego la delegaci\u00f3n don\u00f3 unos alimentos a la casa de acogida local que est\u00e1 ubicada al interior de la iglesia. &nbsp;<\/p>\n","protected":false},"author":1,"featured_media":0,"comment_status":"closed","ping_status":"open","sticky":false,"template":"","format":"standard","meta":{"footnotes":""},"categories":[175],"tags":[],"class_list":["post-27659","post","type-post","status-publish","format-standard","hentry","category-delegacion-de-piamonte-y-valle-de-aosta"],"_links":{"self":[{"href":"https:\/\/svil.constantinianorder.com\/es\/wp-json\/wp\/v2\/posts\/27659","targetHints":{"allow":["GET"]}}],"collection":[{"href":"https:\/\/svil.constantinianorder.com\/es\/wp-json\/wp\/v2\/posts"}],"about":[{"href":"https:\/\/svil.constantinianorder.com\/es\/wp-json\/wp\/v2\/types\/post"}],"author":[{"embeddable":true,"href":"https:\/\/svil.constantinianorder.com\/es\/wp-json\/wp\/v2\/users\/1"}],"replies":[{"embeddable":true,"href":"https:\/\/svil.constantinianorder.com\/es\/wp-json\/wp\/v2\/comments?post=27659"}],"version-history":[{"count":1,"href":"https:\/\/svil.constantinianorder.com\/es\/wp-json\/wp\/v2\/posts\/27659\/revisions"}],"predecessor-version":[{"id":58226,"href":"https:\/\/svil.constantinianorder.com\/es\/wp-json\/wp\/v2\/posts\/27659\/revisions\/58226"}],"wp:attachment":[{"href":"https:\/\/svil.constantinianorder.com\/es\/wp-json\/wp\/v2\/media?parent=27659"}],"wp:term":[{"taxonomy":"category","embeddable":true,"href":"https:\/\/svil.constantinianorder.com\/es\/wp-json\/wp\/v2\/categories?post=27659"},{"taxonomy":"post_tag","embeddable":true,"href":"https:\/\/svil.constantinianorder.com\/es\/wp-json\/wp\/v2\/tags?post=27659"}],"curies":[{"name":"wp","href":"https:\/\/api.w.org\/{rel}","templated":true}]}}