{"id":28010,"date":"2018-05-29T15:59:06","date_gmt":"2018-05-29T15:59:06","guid":{"rendered":"http:\/\/www.constantinianorder.net\/sicilia-briciole-di-salute-a-s-martino-e-nomina-costantiniana-allabate-don-rizzone-2\/"},"modified":"2026-01-15T17:30:38","modified_gmt":"2026-01-15T17:30:38","slug":"sicilia-briciole-di-salute-en-san-martin-et-designacion-de-labad-padre-rizzone","status":"publish","type":"post","link":"https:\/\/svil.constantinianorder.com\/es\/sicilia-briciole-di-salute-en-san-martin-et-designacion-de-labad-padre-rizzone\/","title":{"rendered":"SICILIA: BRICIOLE DI SALUTE EN SAN MARTIN ET DESIGNACION DE L\u2019ABAD PADRE RIZZONE"},"content":{"rendered":"<p><img loading=\"lazy\" decoding=\"async\" class=\"size-medium wp-image-28002 alignleft\" src=\"http:\/\/constantinianorder.net\/wp-content\/uploads\/2018\/05\/s.martino-300x225.jpg\" alt=\"s.martino\" width=\"300\" height=\"225\" \/><\/p>\n<p>&nbsp;<\/p>\n<p>&nbsp;<\/p>\n<p>&nbsp;<\/p>\n<p>&nbsp;<\/p>\n<p>&nbsp;<\/p>\n<p>&nbsp;<\/p>\n<p>&nbsp;<\/p>\n<p>Se realiz\u00f3 una liturgia para la Sant\u00edsima Trinidad en Palermo en la abad\u00eda <em>S. Martino delle Scale<\/em>. Muchos Caballeros participaron y fueron guiados por S.A.R. la Princesa Beatriz de Borb\u00f3n de las Dos Sicilias, Gran Prefecto.<\/p>\n<p>Antes del inicio de la liturgia, el Abad Padre Rizzone dio la oportunidad a la delegaci\u00f3n de visitar la abad\u00eda y luego recibi\u00f3 su designaci\u00f3n en calidad de Comendador de Gracia Eclesi\u00e1stica por el Gran Prefecto.<\/p>\n<p>El Vice Delegado, el Dr. Di Janni, ofreci\u00f3 una confecciones de alimentos al Abad Padre Rizzone y al Responsable de la Caritas de la abad\u00eda. Entonces el proyecto \u201cBriciole di Salute\u201d fue inaugurado en la abad\u00eda donde tendr\u00e1n lugar otras donaciones en los pr\u00f3ximos meses y que ayudar\u00e1n a las familias necesitadas.<\/p>\n<p>&nbsp;<\/p>\n<p><img loading=\"lazy\" decoding=\"async\" class=\"size-medium wp-image-28003\" src=\"http:\/\/constantinianorder.net\/wp-content\/uploads\/2018\/05\/s.martino1-300x169.jpg\" alt=\"?\" width=\"300\" height=\"169\" \/><\/p>\n","protected":false},"excerpt":{"rendered":"<p>&nbsp; &nbsp; &nbsp; &nbsp; &nbsp; &nbsp; &nbsp; Se realiz\u00f3 una liturgia para la Sant\u00edsima Trinidad en Palermo en la abad\u00eda S. Martino delle Scale. Muchos Caballeros participaron y fueron guiados por S.A.R. la Princesa Beatriz de Borb\u00f3n de las Dos Sicilias, Gran Prefecto. Antes del inicio de la liturgia, el Abad Padre Rizzone dio la [&hellip;]<\/p>\n","protected":false},"author":1,"featured_media":0,"comment_status":"closed","ping_status":"open","sticky":false,"template":"","format":"standard","meta":{"footnotes":""},"categories":[167],"tags":[],"class_list":["post-28010","post","type-post","status-publish","format-standard","hentry","category-delegacion-de-la-sicilia"],"_links":{"self":[{"href":"https:\/\/svil.constantinianorder.com\/es\/wp-json\/wp\/v2\/posts\/28010","targetHints":{"allow":["GET"]}}],"collection":[{"href":"https:\/\/svil.constantinianorder.com\/es\/wp-json\/wp\/v2\/posts"}],"about":[{"href":"https:\/\/svil.constantinianorder.com\/es\/wp-json\/wp\/v2\/types\/post"}],"author":[{"embeddable":true,"href":"https:\/\/svil.constantinianorder.com\/es\/wp-json\/wp\/v2\/users\/1"}],"replies":[{"embeddable":true,"href":"https:\/\/svil.constantinianorder.com\/es\/wp-json\/wp\/v2\/comments?post=28010"}],"version-history":[{"count":1,"href":"https:\/\/svil.constantinianorder.com\/es\/wp-json\/wp\/v2\/posts\/28010\/revisions"}],"predecessor-version":[{"id":58296,"href":"https:\/\/svil.constantinianorder.com\/es\/wp-json\/wp\/v2\/posts\/28010\/revisions\/58296"}],"wp:attachment":[{"href":"https:\/\/svil.constantinianorder.com\/es\/wp-json\/wp\/v2\/media?parent=28010"}],"wp:term":[{"taxonomy":"category","embeddable":true,"href":"https:\/\/svil.constantinianorder.com\/es\/wp-json\/wp\/v2\/categories?post=28010"},{"taxonomy":"post_tag","embeddable":true,"href":"https:\/\/svil.constantinianorder.com\/es\/wp-json\/wp\/v2\/tags?post=28010"}],"curies":[{"name":"wp","href":"https:\/\/api.w.org\/{rel}","templated":true}]}}