{"id":28135,"date":"2018-06-05T10:28:22","date_gmt":"2018-06-05T10:28:22","guid":{"rendered":"http:\/\/www.constantinianorder.net\/francia-cerimonia-a-parigi-2\/"},"modified":"2026-01-15T17:30:50","modified_gmt":"2026-01-15T17:30:50","slug":"francia-ceremonia-en-paris","status":"publish","type":"post","link":"https:\/\/svil.constantinianorder.com\/es\/francia-ceremonia-en-paris\/","title":{"rendered":"FRANCIA: CEREMONIA EN PARIS"},"content":{"rendered":"<p><img loading=\"lazy\" decoding=\"async\" class=\"aligncenter size-medium wp-image-28131\" src=\"http:\/\/constantinianorder.net\/wp-content\/uploads\/2018\/06\/francia2-300x225.jpg\" alt=\"francia2\" width=\"300\" height=\"225\" \/><\/p>\n<p>El 31 mayo se realiz\u00f3 una celebraci\u00f3n solemne en la iglesia de San Roque en Par\u00eds, organizada por la delegaci\u00f3n francesa. La liturgia fue presidida por Su Eminencia Msgr. Luc Ravel, arzobispo de Estrasburgo. Tuvo lugar tambi\u00e9n la investidura de Msgr. El Abad Thierry Laurent,vicario de la iglesia y consejero jur\u00eddico del Nuncio Apost\u00f3lico en Paris en calidad de Caballero Eclesi\u00e1stico de M\u00e9rito.<\/p>\n<p><img loading=\"lazy\" decoding=\"async\" class=\"size-medium wp-image-28130 alignleft\" src=\"http:\/\/constantinianorder.net\/wp-content\/uploads\/2018\/06\/francia1-225x300.jpg\" alt=\"francia1\" width=\"225\" height=\"300\" \/><\/p>\n<p>&nbsp;<\/p>\n<p><img loading=\"lazy\" decoding=\"async\" class=\"aligncenter size-medium wp-image-28129\" src=\"http:\/\/constantinianorder.net\/wp-content\/uploads\/2018\/06\/francia-300x225.jpg\" alt=\"francia\" width=\"300\" height=\"225\" \/><\/p>\n","protected":false},"excerpt":{"rendered":"<p>El 31 mayo se realiz\u00f3 una celebraci\u00f3n solemne en la iglesia de San Roque en Par\u00eds, organizada por la delegaci\u00f3n francesa. La liturgia fue presidida por Su Eminencia Msgr. Luc Ravel, arzobispo de Estrasburgo. Tuvo lugar tambi\u00e9n la investidura de Msgr. El Abad Thierry Laurent,vicario de la iglesia y consejero jur\u00eddico del Nuncio Apost\u00f3lico en [&hellip;]<\/p>\n","protected":false},"author":1,"featured_media":0,"comment_status":"closed","ping_status":"open","sticky":false,"template":"","format":"standard","meta":{"footnotes":""},"categories":[206],"tags":[],"class_list":["post-28135","post","type-post","status-publish","format-standard","hentry","category-delegacion-de-francia"],"_links":{"self":[{"href":"https:\/\/svil.constantinianorder.com\/es\/wp-json\/wp\/v2\/posts\/28135","targetHints":{"allow":["GET"]}}],"collection":[{"href":"https:\/\/svil.constantinianorder.com\/es\/wp-json\/wp\/v2\/posts"}],"about":[{"href":"https:\/\/svil.constantinianorder.com\/es\/wp-json\/wp\/v2\/types\/post"}],"author":[{"embeddable":true,"href":"https:\/\/svil.constantinianorder.com\/es\/wp-json\/wp\/v2\/users\/1"}],"replies":[{"embeddable":true,"href":"https:\/\/svil.constantinianorder.com\/es\/wp-json\/wp\/v2\/comments?post=28135"}],"version-history":[{"count":1,"href":"https:\/\/svil.constantinianorder.com\/es\/wp-json\/wp\/v2\/posts\/28135\/revisions"}],"predecessor-version":[{"id":58320,"href":"https:\/\/svil.constantinianorder.com\/es\/wp-json\/wp\/v2\/posts\/28135\/revisions\/58320"}],"wp:attachment":[{"href":"https:\/\/svil.constantinianorder.com\/es\/wp-json\/wp\/v2\/media?parent=28135"}],"wp:term":[{"taxonomy":"category","embeddable":true,"href":"https:\/\/svil.constantinianorder.com\/es\/wp-json\/wp\/v2\/categories?post=28135"},{"taxonomy":"post_tag","embeddable":true,"href":"https:\/\/svil.constantinianorder.com\/es\/wp-json\/wp\/v2\/tags?post=28135"}],"curies":[{"name":"wp","href":"https:\/\/api.w.org\/{rel}","templated":true}]}}