{"id":28230,"date":"2018-06-06T19:02:24","date_gmt":"2018-06-06T19:02:24","guid":{"rendered":"http:\/\/www.constantinianorder.net\/sicilia-briciole-di-salute-a-mazara-del-vallo-2\/"},"modified":"2026-01-15T17:30:56","modified_gmt":"2026-01-15T17:30:56","slug":"sicilia-briciole-di-salute-en-mazara-del-vallo","status":"publish","type":"post","link":"https:\/\/svil.constantinianorder.com\/es\/sicilia-briciole-di-salute-en-mazara-del-vallo\/","title":{"rendered":"SICILIA: BRICIOLE DI SALUTE EN MAZARA DEL VALLO"},"content":{"rendered":"<p><img loading=\"lazy\" decoding=\"async\" class=\"size-medium wp-image-28225 alignleft\" src=\"http:\/\/constantinianorder.net\/wp-content\/uploads\/2018\/06\/MAZARA-DEL-VALLO-1-264x300.jpg\" alt=\"MAZARA DEL VALLO\" width=\"264\" height=\"300\" \/><\/p>\n<p>&nbsp;<\/p>\n<p>&nbsp;<\/p>\n<p>&nbsp;<\/p>\n<p>&nbsp;<\/p>\n<p>&nbsp;<\/p>\n<p>&nbsp;<\/p>\n<p>&nbsp;<\/p>\n<p>&nbsp;<\/p>\n<p>&nbsp;<\/p>\n<p>El 6 junio, despu\u00e9s del encuentro con Su Eminencia Msgr. Mogavero y la entrega de su certificado de Caballero Eclesi\u00e1stico Gran Cruz de Gracia, el Vice Delegado y dos Caballeros de la delegaci\u00f3n ofrecieron alimentos para ni\u00f1os y pa\u00f1ales al obispo.<\/p>\n<p>&nbsp;<\/p>\n<p><img loading=\"lazy\" decoding=\"async\" class=\"size-medium wp-image-28223 alignleft\" src=\"http:\/\/constantinianorder.net\/wp-content\/uploads\/2018\/06\/mazara-2-225x300.png\" alt=\"mazara 2\" width=\"225\" height=\"300\" \/><\/p>\n","protected":false},"excerpt":{"rendered":"<p>&nbsp; &nbsp; &nbsp; &nbsp; &nbsp; &nbsp; &nbsp; &nbsp; &nbsp; El 6 junio, despu\u00e9s del encuentro con Su Eminencia Msgr. Mogavero y la entrega de su certificado de Caballero Eclesi\u00e1stico Gran Cruz de Gracia, el Vice Delegado y dos Caballeros de la delegaci\u00f3n ofrecieron alimentos para ni\u00f1os y pa\u00f1ales al obispo. &nbsp;<\/p>\n","protected":false},"author":1,"featured_media":0,"comment_status":"closed","ping_status":"open","sticky":false,"template":"","format":"standard","meta":{"footnotes":""},"categories":[167],"tags":[],"class_list":["post-28230","post","type-post","status-publish","format-standard","hentry","category-delegacion-de-la-sicilia"],"_links":{"self":[{"href":"https:\/\/svil.constantinianorder.com\/es\/wp-json\/wp\/v2\/posts\/28230","targetHints":{"allow":["GET"]}}],"collection":[{"href":"https:\/\/svil.constantinianorder.com\/es\/wp-json\/wp\/v2\/posts"}],"about":[{"href":"https:\/\/svil.constantinianorder.com\/es\/wp-json\/wp\/v2\/types\/post"}],"author":[{"embeddable":true,"href":"https:\/\/svil.constantinianorder.com\/es\/wp-json\/wp\/v2\/users\/1"}],"replies":[{"embeddable":true,"href":"https:\/\/svil.constantinianorder.com\/es\/wp-json\/wp\/v2\/comments?post=28230"}],"version-history":[{"count":1,"href":"https:\/\/svil.constantinianorder.com\/es\/wp-json\/wp\/v2\/posts\/28230\/revisions"}],"predecessor-version":[{"id":58336,"href":"https:\/\/svil.constantinianorder.com\/es\/wp-json\/wp\/v2\/posts\/28230\/revisions\/58336"}],"wp:attachment":[{"href":"https:\/\/svil.constantinianorder.com\/es\/wp-json\/wp\/v2\/media?parent=28230"}],"wp:term":[{"taxonomy":"category","embeddable":true,"href":"https:\/\/svil.constantinianorder.com\/es\/wp-json\/wp\/v2\/categories?post=28230"},{"taxonomy":"post_tag","embeddable":true,"href":"https:\/\/svil.constantinianorder.com\/es\/wp-json\/wp\/v2\/tags?post=28230"}],"curies":[{"name":"wp","href":"https:\/\/api.w.org\/{rel}","templated":true}]}}