{"id":28604,"date":"2018-07-09T12:05:21","date_gmt":"2018-07-09T12:05:21","guid":{"rendered":"http:\/\/www.constantinianorder.net\/piemonte-e-valle-daosta-raccolta-fondi-a-torino-2\/"},"modified":"2026-01-15T17:38:06","modified_gmt":"2026-01-15T17:38:06","slug":"piamonte-y-valle-de-aosta-colecta-de-fondos-en-turin","status":"publish","type":"post","link":"https:\/\/svil.constantinianorder.com\/es\/piamonte-y-valle-de-aosta-colecta-de-fondos-en-turin\/","title":{"rendered":"PIAMONTE Y VALLE DE AOSTA: COLECTA DE FONDOS EN TURIN"},"content":{"rendered":"<p><strong><img loading=\"lazy\" decoding=\"async\" class=\"size-medium wp-image-28600 alignleft\" src=\"http:\/\/constantinianorder.net\/wp-content\/uploads\/2018\/07\/torino-168x300.jpg\" alt=\"torino\" width=\"168\" height=\"300\" \/>Tur\u00edn, 5 de julio de 2018<\/strong>. El representante de la ciudad de Tur\u00edn, el Sr. Trasforini, organiz\u00f3 un c\u00f3ctel para recaudar fondos. El objetivo del evento era la divulgaci\u00f3n de las actividades de la Orden. El evento tuvo mucho \u00e9xito. Particip\u00f3 tambi\u00e9n el vice delegado, el Sr. Baschirotto.<\/p>\n<p>&nbsp;<\/p>\n","protected":false},"excerpt":{"rendered":"<p>Tur\u00edn, 5 de julio de 2018. El representante de la ciudad de Tur\u00edn, el Sr. Trasforini, organiz\u00f3 un c\u00f3ctel para recaudar fondos. El objetivo del evento era la divulgaci\u00f3n de las actividades de la Orden. El evento tuvo mucho \u00e9xito. Particip\u00f3 tambi\u00e9n el vice delegado, el Sr. Baschirotto. &nbsp;<\/p>\n","protected":false},"author":1,"featured_media":0,"comment_status":"closed","ping_status":"open","sticky":false,"template":"","format":"standard","meta":{"footnotes":""},"categories":[175],"tags":[],"class_list":["post-28604","post","type-post","status-publish","format-standard","hentry","category-delegacion-de-piamonte-y-valle-de-aosta"],"_links":{"self":[{"href":"https:\/\/svil.constantinianorder.com\/es\/wp-json\/wp\/v2\/posts\/28604","targetHints":{"allow":["GET"]}}],"collection":[{"href":"https:\/\/svil.constantinianorder.com\/es\/wp-json\/wp\/v2\/posts"}],"about":[{"href":"https:\/\/svil.constantinianorder.com\/es\/wp-json\/wp\/v2\/types\/post"}],"author":[{"embeddable":true,"href":"https:\/\/svil.constantinianorder.com\/es\/wp-json\/wp\/v2\/users\/1"}],"replies":[{"embeddable":true,"href":"https:\/\/svil.constantinianorder.com\/es\/wp-json\/wp\/v2\/comments?post=28604"}],"version-history":[{"count":1,"href":"https:\/\/svil.constantinianorder.com\/es\/wp-json\/wp\/v2\/posts\/28604\/revisions"}],"predecessor-version":[{"id":58423,"href":"https:\/\/svil.constantinianorder.com\/es\/wp-json\/wp\/v2\/posts\/28604\/revisions\/58423"}],"wp:attachment":[{"href":"https:\/\/svil.constantinianorder.com\/es\/wp-json\/wp\/v2\/media?parent=28604"}],"wp:term":[{"taxonomy":"category","embeddable":true,"href":"https:\/\/svil.constantinianorder.com\/es\/wp-json\/wp\/v2\/categories?post=28604"},{"taxonomy":"post_tag","embeddable":true,"href":"https:\/\/svil.constantinianorder.com\/es\/wp-json\/wp\/v2\/tags?post=28604"}],"curies":[{"name":"wp","href":"https:\/\/api.w.org\/{rel}","templated":true}]}}