{"id":28729,"date":"2018-07-17T12:02:05","date_gmt":"2018-07-17T12:02:05","guid":{"rendered":"http:\/\/www.constantinianorder.net\/piemonte-e-valle-daosta-processione-madonna-del-carmine-2\/"},"modified":"2026-01-15T17:38:18","modified_gmt":"2026-01-15T17:38:18","slug":"piamonte-y-valle-de-aosta-procesion-madonna-del-carmine","status":"publish","type":"post","link":"https:\/\/svil.constantinianorder.com\/es\/piamonte-y-valle-de-aosta-procesion-madonna-del-carmine\/","title":{"rendered":"PIAMONTE Y VALLE DE AOSTA: \u00abPROCESION MADONNA DEL CARMINE\u00bb"},"content":{"rendered":"<p><img loading=\"lazy\" decoding=\"async\" class=\"size-medium wp-image-28725 alignleft\" src=\"http:\/\/constantinianorder.net\/wp-content\/uploads\/2018\/07\/piermonte-300x169.jpg\" alt=\"piermonte\" width=\"300\" height=\"169\" \/>La delegaci\u00f3n particip\u00f3 en la procesi\u00f3n\u00a0<em>Madonna del Carmine<\/em> en Cuneo. Participaron el Vice Delegado, el Sr. Baschirotto, el representante de la ciudad de Torino, el Sr. Trasforini, Padre Augusto Piccoli y muchos caballeros de Cuneo. La delegaci\u00f3n agredece en particular a la Sra. Simona Delfino, Dama de Alessandria. La ceremonia fue maravillosa.<\/p>\n","protected":false},"excerpt":{"rendered":"<p>La delegaci\u00f3n particip\u00f3 en la procesi\u00f3n\u00a0Madonna del Carmine en Cuneo. Participaron el Vice Delegado, el Sr. Baschirotto, el representante de la ciudad de Torino, el Sr. Trasforini, Padre Augusto Piccoli y muchos caballeros de Cuneo. La delegaci\u00f3n agredece en particular a la Sra. Simona Delfino, Dama de Alessandria. La ceremonia fue maravillosa.<\/p>\n","protected":false},"author":1,"featured_media":0,"comment_status":"closed","ping_status":"open","sticky":false,"template":"","format":"standard","meta":{"footnotes":""},"categories":[175],"tags":[],"class_list":["post-28729","post","type-post","status-publish","format-standard","hentry","category-delegacion-de-piamonte-y-valle-de-aosta"],"_links":{"self":[{"href":"https:\/\/svil.constantinianorder.com\/es\/wp-json\/wp\/v2\/posts\/28729","targetHints":{"allow":["GET"]}}],"collection":[{"href":"https:\/\/svil.constantinianorder.com\/es\/wp-json\/wp\/v2\/posts"}],"about":[{"href":"https:\/\/svil.constantinianorder.com\/es\/wp-json\/wp\/v2\/types\/post"}],"author":[{"embeddable":true,"href":"https:\/\/svil.constantinianorder.com\/es\/wp-json\/wp\/v2\/users\/1"}],"replies":[{"embeddable":true,"href":"https:\/\/svil.constantinianorder.com\/es\/wp-json\/wp\/v2\/comments?post=28729"}],"version-history":[{"count":1,"href":"https:\/\/svil.constantinianorder.com\/es\/wp-json\/wp\/v2\/posts\/28729\/revisions"}],"predecessor-version":[{"id":58451,"href":"https:\/\/svil.constantinianorder.com\/es\/wp-json\/wp\/v2\/posts\/28729\/revisions\/58451"}],"wp:attachment":[{"href":"https:\/\/svil.constantinianorder.com\/es\/wp-json\/wp\/v2\/media?parent=28729"}],"wp:term":[{"taxonomy":"category","embeddable":true,"href":"https:\/\/svil.constantinianorder.com\/es\/wp-json\/wp\/v2\/categories?post=28729"},{"taxonomy":"post_tag","embeddable":true,"href":"https:\/\/svil.constantinianorder.com\/es\/wp-json\/wp\/v2\/tags?post=28729"}],"curies":[{"name":"wp","href":"https:\/\/api.w.org\/{rel}","templated":true}]}}